{"id":1293,"date":"2021-04-13T09:39:40","date_gmt":"2021-04-13T08:39:40","guid":{"rendered":"https:\/\/www.rajapack.se\/blog-se\/?p=1293"},"modified":"2024-01-10T09:26:35","modified_gmt":"2024-01-10T08:26:35","slug":"vad-ar-volymvikt-och-hur-kan-du-minska-onodig-luft-i-dina-paket","status":"publish","type":"post","link":"https:\/\/www.rajapack.se\/blog-se\/vad-ar-volymvikt-och-hur-kan-du-minska-onodig-luft-i-dina-paket","title":{"rendered":"Vad \u00e4r volymvikt och hur kan du minska on\u00f6dig luft i dina paket?"},"content":{"rendered":"<p>Visste du att b\u00e5de vikt och volym kan vara med i ber\u00e4kningen n\u00e4r transport\u00f6rerna avg\u00f6r hur mycket som ska faktureras f\u00f6r ett paket? F\u00f6rpackningens faktiska vikt st\u00e4lls ibland mot en fiktiv ber\u00e4knad vikt kallad <strong>volymvikt<\/strong>, och i vissa fall \u00e4r det den vikt som \u00e4r h\u00f6gst som faktiskt debiteras. Genom att optimera volymvikt f\u00f6r dina f\u00f6rs\u00e4ndelser kan du som f\u00f6retagare spara in p\u00e5 transportkostnaderna m\u00e4rkv\u00e4rt. N\u00e4r volymvikten minskar s\u00e5 minskar \u00e4ven p\u00e5verkan p\u00e5 milj\u00f6n, d\u00e5 en mindre f\u00f6rpackning inneb\u00e4r att fler paket totalt f\u00e5r plats i samma lastbil eller flygplan. Win win helt enkelt!<\/p>\n<div id=\"ez-toc-container\" class=\"ez-toc-v2_0_67_1 counter-hierarchy ez-toc-counter ez-toc-grey ez-toc-container-direction\">\n<div class=\"ez-toc-title-container\">\n<p class=\"ez-toc-title \" >Table of Contents<\/p>\n<span class=\"ez-toc-title-toggle\"><a href=\"#\" class=\"ez-toc-pull-right ez-toc-btn ez-toc-btn-xs ez-toc-btn-default ez-toc-toggle\" aria-label=\"Toggle Table of Content\"><span class=\"ez-toc-js-icon-con\"><span class=\"\"><span class=\"eztoc-hide\" style=\"display:none;\">Toggle<\/span><span class=\"ez-toc-icon-toggle-span\"><svg style=\"fill: #999;color:#999\" xmlns=\"http:\/\/www.w3.org\/2000\/svg\" class=\"list-377408\" width=\"20px\" height=\"20px\" viewBox=\"0 0 24 24\" fill=\"none\"><path d=\"M6 6H4v2h2V6zm14 0H8v2h12V6zM4 11h2v2H4v-2zm16 0H8v2h12v-2zM4 16h2v2H4v-2zm16 0H8v2h12v-2z\" fill=\"currentColor\"><\/path><\/svg><svg style=\"fill: #999;color:#999\" class=\"arrow-unsorted-368013\" xmlns=\"http:\/\/www.w3.org\/2000\/svg\" width=\"10px\" height=\"10px\" viewBox=\"0 0 24 24\" version=\"1.2\" baseProfile=\"tiny\"><path d=\"M18.2 9.3l-6.2-6.3-6.2 6.3c-.2.2-.3.4-.3.7s.1.5.3.7c.2.2.4.3.7.3h11c.3 0 .5-.1.7-.3.2-.2.3-.5.3-.7s-.1-.5-.3-.7zM5.8 14.7l6.2 6.3 6.2-6.3c.2-.2.3-.5.3-.7s-.1-.5-.3-.7c-.2-.2-.4-.3-.7-.3h-11c-.3 0-.5.1-.7.3-.2.2-.3.5-.3.7s.1.5.3.7z\"\/><\/svg><\/span><\/span><\/span><\/a><\/span><\/div>\n<nav><ul class='ez-toc-list ez-toc-list-level-1 ' ><li class='ez-toc-page-1 ez-toc-heading-level-2'><a class=\"ez-toc-link ez-toc-heading-1\" href=\"https:\/\/www.rajapack.se\/blog-se\/vad-ar-volymvikt-och-hur-kan-du-minska-onodig-luft-i-dina-paket\/#Vad_ar_volymvikt_och_hur_beraknas_det\" title=\"Vad \u00e4r volymvikt och hur ber\u00e4knas det?\">Vad \u00e4r volymvikt och hur ber\u00e4knas det?<\/a><\/li><li class='ez-toc-page-1 ez-toc-heading-level-2'><a class=\"ez-toc-link ez-toc-heading-2\" href=\"https:\/\/www.rajapack.se\/blog-se\/vad-ar-volymvikt-och-hur-kan-du-minska-onodig-luft-i-dina-paket\/#Nar_anvands_volymvikt_for_fakturering\" title=\"N\u00e4r anv\u00e4nds volymvikt f\u00f6r fakturering?\">N\u00e4r anv\u00e4nds volymvikt f\u00f6r fakturering?<\/a><\/li><li class='ez-toc-page-1 ez-toc-heading-level-2'><a class=\"ez-toc-link ez-toc-heading-3\" href=\"https:\/\/www.rajapack.se\/blog-se\/vad-ar-volymvikt-och-hur-kan-du-minska-onodig-luft-i-dina-paket\/#Sa_kan_du_minska_din_volymvikt\" title=\"S\u00e5 kan du minska din volymvikt\">S\u00e5 kan du minska din volymvikt<\/a><ul class='ez-toc-list-level-3' ><li class='ez-toc-heading-level-3'><a class=\"ez-toc-link ez-toc-heading-4\" href=\"https:\/\/www.rajapack.se\/blog-se\/vad-ar-volymvikt-och-hur-kan-du-minska-onodig-luft-i-dina-paket\/#Tips_1_analysera_din_nuvarande_situation\" title=\"Tips 1: analysera din nuvarande situation\">Tips 1: analysera din nuvarande situation<\/a><\/li><li class='ez-toc-page-1 ez-toc-heading-level-3'><a class=\"ez-toc-link ez-toc-heading-5\" href=\"https:\/\/www.rajapack.se\/blog-se\/vad-ar-volymvikt-och-hur-kan-du-minska-onodig-luft-i-dina-paket\/#Tips_2_valj_ratt_emballage\" title=\"Tips 2: v\u00e4lj r\u00e4tt emballage\">Tips 2: v\u00e4lj r\u00e4tt emballage<\/a><\/li><li class='ez-toc-page-1 ez-toc-heading-level-3'><a class=\"ez-toc-link ez-toc-heading-6\" href=\"https:\/\/www.rajapack.se\/blog-se\/vad-ar-volymvikt-och-hur-kan-du-minska-onodig-luft-i-dina-paket\/#Hall_kontakten_med_oss\" title=\"H\u00e5ll kontakten med oss\">H\u00e5ll kontakten med oss<\/a><\/li><\/ul><\/li><\/ul><\/nav><\/div>\n<h2><span class=\"ez-toc-section\" id=\"Vad_ar_volymvikt_och_hur_beraknas_det\"><\/span>Vad \u00e4r volymvikt och hur ber\u00e4knas det?<span class=\"ez-toc-section-end\"><\/span><\/h2>\n<p>En f\u00f6rs\u00e4ndelse kan vara l\u00e4tt men samtidigt stor och transportkostnaden p\u00e5verkas av hur mycket utrymme f\u00f6rs\u00e4ndelsen tar upp i lastutrymmet. Volymvikt \u00e4r ett s\u00e4tt f\u00f6r spedit\u00f6rer att omvandla ett pakets volym till volymber\u00e4knad vikt, som tar h\u00e4nsyn till det utrymme som paketet tar i en lastbil eller ett flygplan. Volymvikt ber\u00e4knas med f\u00f6ljande formel:<\/p>\n<p>L x B x H x omr\u00e4kningsfaktor<\/p>\n<p>D\u00e4r omr\u00e4kningsfaktorn f\u00f6r transporter p\u00e5 land till exempel \u00e4r 280.<\/p>\n<p>Om en transport\u00f6r anv\u00e4nder sig av volymvikt i sina ber\u00e4kningar s\u00e5 \u00e4r det vanligt att volymvikt faktureras i de fall d\u00e5 de \u00f6verskrider paketets faktiska vikt. Ett litet och tungt paket kan till exempel faktureras mot faktisk vikt medan ett skrymmande men l\u00e4ttviktigt paket faktureras mot volymvikt. L\u00e5t oss ta ett exempel.<\/p>\n<p>T\u00e4nk dig att du har tv\u00e5 paket i olika storlek som ska skickas med en lastbil. De inneh\u00e5ller likadana produkter och v\u00e4ger lika mycket. L\u00e5t s\u00e4ga att varje paket v\u00e4ger 2 kg. Det st\u00f6rre paketet har m\u00e5tten 0,2 x 0,2 x 0,3 meter vilket inneb\u00e4r att dess volymvikt blir 3,36 kg. Eftersom det \u00e4r h\u00f6gre \u00e4n den faktiska vikten 2 kg \u00e4r det i detta fallet volymvikt som kommer debiteras av transport\u00f6ren. Det mindre paketet har m\u00e5tten 0,15 x 0,15 x 0,2 vilket betyder att volymvikten \u00e4r 1,26 kg. D\u00e5 det andra paketets volymvikt \u00e4r l\u00e4gre \u00e4n dess faktiska vikt 2 kg \u00e4r det paketets faktiska vikt 2 kg som faktureras.<\/p>\n<p><img loading=\"lazy\" decoding=\"async\" class=\"alignnone wp-image-1294 size-full\" src=\"https:\/\/www.rajapack.se\/blog-se\/wp-content\/uploads\/2021\/04\/volymvikt-exempel-e1618242706904.jpg\" alt=\"\" width=\"875\" height=\"304\" srcset=\"https:\/\/www.rajapack.se\/blog-se\/wp-content\/uploads\/2021\/04\/volymvikt-exempel-e1618242706904.jpg 875w, https:\/\/www.rajapack.se\/blog-se\/wp-content\/uploads\/2021\/04\/volymvikt-exempel-e1618242706904-430x149.jpg 430w, https:\/\/www.rajapack.se\/blog-se\/wp-content\/uploads\/2021\/04\/volymvikt-exempel-e1618242706904-768x267.jpg 768w\" sizes=\"(max-width: 875px) 100vw, 875px\" \/><\/p>\n<h2><span class=\"ez-toc-section\" id=\"Nar_anvands_volymvikt_for_fakturering\"><\/span>N\u00e4r anv\u00e4nds volymvikt f\u00f6r fakturering?<span class=\"ez-toc-section-end\"><\/span><\/h2>\n<p>Det finns inte n\u00e5gon universell regel om n\u00e4r volymvikt \u00e4r med i ber\u00e4kningen, det varierar och kan vara olika f\u00f6r olika transport\u00f6rer och tj\u00e4nster. Tar man Postnord som exempel s\u00e5 tar de betalt f\u00f6r det som blir h\u00f6gst av vikt eller volymvikt i f\u00f6ljande fyra fall:<\/p>\n<ul>\n<li>Inrikes pakettj\u00e4nster som avtalskund eller k\u00f6p via Skicka Direkt<\/li>\n<li>International Parcel som avtalskund eller Postpaket utrikes vid k\u00f6p via Skicka Direkt<\/li>\n<li>PostNord Pallet, endast tillg\u00e4nglig f\u00f6r avtalskunder<\/li>\n<li>Utrikes expresstj\u00e4nster<\/li>\n<\/ul>\n<p>L\u00e4s mer om reglerna p\u00e5 <a href=\"https:\/\/www.postnord.se\/skicka-forsandelser\/forberedelser\/matt-och-vikt\">Postnords webbplats<\/a>. Vi p\u00e5 RAJA r\u00e5der dig att kontakta din spedit\u00f6r om du \u00e4r os\u00e4ker p\u00e5 hur de ber\u00e4knar dina transporter.<\/p>\n<h2><span class=\"ez-toc-section\" id=\"Sa_kan_du_minska_din_volymvikt\"><\/span>S\u00e5 kan du minska din volymvikt<span class=\"ez-toc-section-end\"><\/span><\/h2>\n<p>Nu n\u00e4r du har l\u00e4rt dig vikten av dina f\u00f6rpackningars volym s\u00e5 \u00e4r det dags att b\u00f6rja t\u00e4nka p\u00e5 hur du kan optimera detta s\u00e5 att du betalar mindre pengar f\u00f6r att transportera luft. H\u00e4r \u00e4r v\u00e5ra tips.<\/p>\n<h3><span class=\"ez-toc-section\" id=\"Tips_1_analysera_din_nuvarande_situation\"><\/span>Tips 1: analysera din nuvarande situation<span class=\"ez-toc-section-end\"><\/span><\/h3>\n<p>Om du vill minska dina f\u00f6rs\u00e4ndelsers volymvikt \u00e4r f\u00f6rsta steget en utv\u00e4rdering av din nuvarande situation. Vad har du f\u00f6r vikt och dimensioner p\u00e5 nuvarande paket? Faktureras du oftast p\u00e5 volymvikt eller faktisk vikt? Vilka produkter skickar du oftast, och vad har de f\u00f6r dimensioner? Upplever du sj\u00e4lv att ni har mycket tomrum i era paket, m\u00f6jligtvis med en v\u00e4ldigt h\u00f6g f\u00f6rbrukning av fyllnadsmaterial som f\u00f6ljd? Alla dessa fr\u00e5gor kan hj\u00e4lpa dig f\u00e5 en f\u00f6rst\u00e5else f\u00f6r om f\u00f6rpackningars volym \u00e4r ett problem f\u00f6r er eller inte. Om dimensionerna p\u00e5 era kartonger oftast inte matchar era mest frekvent skickade produkter kan det finnas stora pengar att spara i transport.<\/p>\n<p>Detta leder oss obem\u00e4rkt till n\u00e4sta tips&#8230;<\/p>\n<p><img loading=\"lazy\" decoding=\"async\" class=\"alignnone wp-image-1302 size-large\" src=\"https:\/\/www.rajapack.se\/blog-se\/wp-content\/uploads\/2021\/04\/volymvikt2-1024x640.jpg\" alt=\"\" width=\"1024\" height=\"640\" srcset=\"https:\/\/www.rajapack.se\/blog-se\/wp-content\/uploads\/2021\/04\/volymvikt2-1024x640.jpg 1024w, https:\/\/www.rajapack.se\/blog-se\/wp-content\/uploads\/2021\/04\/volymvikt2-430x269.jpg 430w, https:\/\/www.rajapack.se\/blog-se\/wp-content\/uploads\/2021\/04\/volymvikt2-768x480.jpg 768w, https:\/\/www.rajapack.se\/blog-se\/wp-content\/uploads\/2021\/04\/volymvikt2.jpg 1280w\" sizes=\"(max-width: 1024px) 100vw, 1024px\" \/><\/p>\n<h3><span class=\"ez-toc-section\" id=\"Tips_2_valj_ratt_emballage\"><\/span>Tips 2: v\u00e4lj r\u00e4tt emballage<span class=\"ez-toc-section-end\"><\/span><\/h3>\n<p>Vi p\u00e5 RAJA \u00e4r experter p\u00e5 emballage och lagerf\u00f6r \u00f6ver 3000 emballageprodukter. N\u00e5gra blandade emballagetips fr\u00e5n oss:<\/p>\n<ul>\n<li><a href=\"https:\/\/www.rajapack.se\/fyllnads-och-skyddsmaterial_C16.html\">Fyllnadsmaterial<\/a> \u00e4r l\u00e4ttviktigt och till\u00e5ter dig att packa dina produkter s\u00e5 n\u00e4ra varandra som m\u00f6jligt utan risk f\u00f6r skador, s\u00e5 att volymen kan dras ner p\u00e5 ett s\u00e4kert s\u00e4tt. <a href=\"https:\/\/www.rajapack.se\/fyllnads-och-skyddsmaterial\/bubbelplast_C1612.html\">Bubbelplast<\/a> \u00e4r ett effektivt och popul\u00e4rt val, och <a href=\"https:\/\/www.rajapack.se\/fyllnads-och-skyddsmaterial\/pappersskydd\/kraftpapper_C161412.html\">kraftpapper<\/a> \u00e4r ett milj\u00f6v\u00e4nligt alternativ.<\/li>\n<li>\u00c4r det m\u00f6jligt att skicka dina produkter i <a href=\"https:\/\/www.rajapack.se\/pasar-och-inpackning_C14.html\">p\u00e5sar<\/a> i st\u00e4llet f\u00f6r kartonger? Om det \u00e4r m\u00f6jligt kan det vara ett s\u00e4tt att minska volymen. \u00c4ven st\u00f6rre objekt kan skickas med <a href=\"https:\/\/www.rajapack.se\/kuvert-och-papptuber\/pappkuvert\/vita-postorderpasar_C121414.html\">e-handelsp\u00e5sar<\/a>, men det beror p\u00e5 vilken typ av produkter ni skickar.<\/li>\n<li>Med <a href=\"https:\/\/www.rajapack.se\/lador-kartonger-och-wellcontainrar\/justerbara-lador\/variabla-lador_C103010.html\">variabla l\u00e5dor<\/a> kan du justera f\u00f6rpackningens volym efter hur stor volym dina produkter upptar.<\/li>\n<li>Kartongens storlek ska utg\u00e5 ifr\u00e5n era produkters m\u00e5tt. Hitta r\u00e4tt kartong genom att s\u00f6ka p\u00e5 dina m\u00e5tt i v\u00e5rt verktyg <a href=\"https:\/\/www.rajapack.se\/boxselector_cms_000002.html\">Boxselector<\/a>.<\/li>\n<li><a href=\"https:\/\/www.rajapack.se\/vara-uppgifter_cms_000033.html\">Kontakta RAJAs emballageexperter<\/a> och f\u00e5 kostnadsfri konsultation utifr\u00e5n era unika behov och f\u00f6ruts\u00e4ttningar.<\/li>\n<\/ul>\n<p><a href=\"https:\/\/www.rajapack.se\/boxselector_cms_000002.html\"><img loading=\"lazy\" decoding=\"async\" class=\"alignnone wp-image-1304 size-full\" src=\"https:\/\/www.rajapack.se\/blog-se\/wp-content\/uploads\/2021\/04\/kartong-i-ratt-storlek.jpg\" alt=\"Anv\u00e4nd v\u00e5rt verktyg Boxselector f\u00f6r att hitta r\u00e4tt kartong utifr\u00e5n de m\u00e5tt du beh\u00f6ver.\" width=\"1392\" height=\"676\" srcset=\"https:\/\/www.rajapack.se\/blog-se\/wp-content\/uploads\/2021\/04\/kartong-i-ratt-storlek.jpg 1392w, https:\/\/www.rajapack.se\/blog-se\/wp-content\/uploads\/2021\/04\/kartong-i-ratt-storlek-430x209.jpg 430w, https:\/\/www.rajapack.se\/blog-se\/wp-content\/uploads\/2021\/04\/kartong-i-ratt-storlek-768x373.jpg 768w, https:\/\/www.rajapack.se\/blog-se\/wp-content\/uploads\/2021\/04\/kartong-i-ratt-storlek-1024x497.jpg 1024w\" sizes=\"(max-width: 1392px) 100vw, 1392px\" \/><\/a><\/p>\n<h3><span class=\"ez-toc-section\" id=\"Hall_kontakten_med_oss\"><\/span>H\u00e5ll kontakten med oss<span class=\"ez-toc-section-end\"><\/span><\/h3>\n<ul>\n<li><a href=\"https:\/\/www.rajapack.se\/inscription-newsletter-raja.html\" rel=\"external noopener noreferrer\" data-wpel-link=\"external\">Prenumerera p\u00e5 v\u00e5rt nyhetsbrev<\/a>\u00a0f\u00f6r de senaste nyheterna inom emballage och tillg\u00e5ng till exklusiva kampanjer<\/li>\n<li>F\u00f6lj RAJA Sverige p\u00e5\u00a0<a href=\"https:\/\/www.linkedin.com\/company\/rajapackse\" rel=\"external noopener noreferrer\" data-wpel-link=\"external\">Linkedin,<\/a>\u00a0<a href=\"https:\/\/www.facebook.com\/rajasverige\" rel=\"external noopener noreferrer\" data-wpel-link=\"external\">Facebook<\/a>\u00a0och\u00a0<a href=\"https:\/\/www.instagram.com\/rajasverige\/\" rel=\"external noopener noreferrer\" data-wpel-link=\"external\">Instagram<\/a><\/li>\n<li><a href=\"https:\/\/www.rajapack.se\/catalogues.html\" rel=\"external noopener noreferrer\" data-wpel-link=\"external\">Kolla in v\u00e5r senaste produktkatalog<\/a>\u00a0\u2013 best\u00e4ll hem gratis eller l\u00e4s den interaktiva katalogen online<\/li>\n<\/ul>\n<p><strong>L\u00e4s n\u00e4sta blogginl\u00e4gg:<\/strong><\/p>\n<p>https:\/\/www.rajapack.se\/blog-se\/bubbelplast-vs-skumfolie\/<\/p>\n","protected":false},"excerpt":{"rendered":"<p>Visste du att b\u00e5de vikt och volym kan vara med i ber\u00e4kningen n\u00e4r transport\u00f6rerna avg\u00f6r hur mycket som ska faktureras f\u00f6r ett paket? F\u00f6rpackningens faktiska vikt st\u00e4lls ibland mot en [&#8230;]<\/p>\n","protected":false},"author":56,"featured_media":2092,"comment_status":"open","ping_status":"open","sticky":false,"template":"","format":"standard","meta":{"_acf_changed":false,"footnotes":""},"categories":[10,23],"tags":[53,52],"class_list":["post-1293","post","type-post","status-publish","format-standard","has-post-thumbnail","hentry","category-e-handel","category-emballage","tag-kartonger","tag-miljo"],"acf":[],"yoast_head":"\n<title>Vad \u00e4r volymvikt och hur kan du minska on\u00f6dig luft i dina paket? - Rajapack-bloggen<\/title>\n<meta name=\"description\" content=\"V\u00e4lj r\u00e4tt emballage s\u00e5 slipper ni och milj\u00f6n betala extra f\u00f6r att transportera luft. Vad \u00e4r volymvikt och hur kan du p\u00e5verka det?\" \/>\n<meta name=\"robots\" content=\"index, follow, max-snippet:-1, max-image-preview:large, max-video-preview:-1\" \/>\n<link rel=\"canonical\" href=\"https:\/\/www.rajapack.se\/blog-se\/vad-ar-volymvikt-och-hur-kan-du-minska-onodig-luft-i-dina-paket\" \/>\n<meta property=\"og:locale\" content=\"sv_SE\" \/>\n<meta property=\"og:type\" content=\"article\" \/>\n<meta property=\"og:title\" content=\"Vad \u00e4r volymvikt och hur kan du minska on\u00f6dig luft i dina paket? - Rajapack-bloggen\" \/>\n<meta property=\"og:description\" content=\"V\u00e4lj r\u00e4tt emballage s\u00e5 slipper ni och milj\u00f6n betala extra f\u00f6r att transportera luft. Vad \u00e4r volymvikt och hur kan du p\u00e5verka det?\" \/>\n<meta property=\"og:url\" content=\"https:\/\/www.rajapack.se\/blog-se\/vad-ar-volymvikt-och-hur-kan-du-minska-onodig-luft-i-dina-paket\" \/>\n<meta property=\"og:site_name\" content=\"Rajapack-bloggen\" \/>\n<meta property=\"article:publisher\" content=\"https:\/\/www.facebook.com\/rajasverige\" \/>\n<meta property=\"article:published_time\" content=\"2021-04-13T08:39:40+00:00\" \/>\n<meta property=\"article:modified_time\" content=\"2024-01-10T08:26:35+00:00\" \/>\n<meta property=\"og:image\" content=\"https:\/\/www.rajapack.se\/blog-se\/wp-content\/uploads\/2021\/04\/volymvikt1.jpg\" \/>\n\t<meta property=\"og:image:width\" content=\"1280\" \/>\n\t<meta property=\"og:image:height\" content=\"800\" \/>\n\t<meta property=\"og:image:type\" content=\"image\/jpeg\" \/>\n<meta name=\"author\" content=\"aporslund\" \/>\n<meta name=\"twitter:card\" content=\"summary_large_image\" \/>\n<meta name=\"twitter:label1\" content=\"Skriven av\" \/>\n\t<meta name=\"twitter:data1\" content=\"aporslund\" \/>\n\t<meta name=\"twitter:label2\" content=\"Ber\u00e4knad l\u00e4stid\" \/>\n\t<meta name=\"twitter:data2\" content=\"5 minuter\" \/>\n<script type=\"application\/ld+json\" class=\"yoast-schema-graph\">{\n\t    \"@context\": \"https:\/\/schema.org\",\n\t    \"@graph\": [\n\t        {\n\t            \"@type\": \"Article\",\n\t            \"@id\": \"https:\/\/www.rajapack.se\/blog-se\/vad-ar-volymvikt-och-hur-kan-du-minska-onodig-luft-i-dina-paket#article\",\n\t            \"isPartOf\": {\n\t                \"@id\": \"https:\/\/www.rajapack.se\/blog-se\/vad-ar-volymvikt-och-hur-kan-du-minska-onodig-luft-i-dina-paket\"\n\t            },\n\t            \"author\": {\n\t                \"name\": \"aporslund\",\n\t                \"@id\": \"https:\/\/www.rajapack.se\/blog-se\/#\/schema\/person\/63a5ea1db24eb0c7813ee4a043f455ad\"\n\t            },\n\t            \"headline\": \"Vad \u00e4r volymvikt och hur kan du minska on\u00f6dig luft i dina paket?\",\n\t            \"datePublished\": \"2021-04-13T08:39:40+00:00\",\n\t            \"dateModified\": \"2024-01-10T08:26:35+00:00\",\n\t            \"mainEntityOfPage\": {\n\t                \"@id\": \"https:\/\/www.rajapack.se\/blog-se\/vad-ar-volymvikt-och-hur-kan-du-minska-onodig-luft-i-dina-paket\"\n\t            },\n\t            \"wordCount\": 964,\n\t            \"commentCount\": 0,\n\t            \"publisher\": {\n\t                \"@id\": \"https:\/\/www.rajapack.se\/blog-se\/#organization\"\n\t            },\n\t            \"image\": {\n\t                \"@id\": \"https:\/\/www.rajapack.se\/blog-se\/vad-ar-volymvikt-och-hur-kan-du-minska-onodig-luft-i-dina-paket#primaryimage\"\n\t            },\n\t            \"thumbnailUrl\": \"https:\/\/www.rajapack.se\/blog-se\/wp-content\/uploads\/2021\/04\/volymvikt1.jpg\",\n\t            \"keywords\": [\n\t                \"kartonger\",\n\t                \"milj\u00f6\"\n\t            ],\n\t            \"articleSection\": [\n\t                \"E-handel\",\n\t                \"Emballage och f\u00f6rpackningar\"\n\t            ],\n\t            \"inLanguage\": \"sv-SE\",\n\t            \"potentialAction\": [\n\t                {\n\t                    \"@type\": \"CommentAction\",\n\t                    \"name\": \"Comment\",\n\t                    \"target\": [\n\t                        \"https:\/\/www.rajapack.se\/blog-se\/vad-ar-volymvikt-och-hur-kan-du-minska-onodig-luft-i-dina-paket#respond\"\n\t                    ]\n\t                }\n\t            ]\n\t        },\n\t        {\n\t            \"@type\": \"WebPage\",\n\t            \"@id\": \"https:\/\/www.rajapack.se\/blog-se\/vad-ar-volymvikt-och-hur-kan-du-minska-onodig-luft-i-dina-paket\",\n\t            \"url\": \"https:\/\/www.rajapack.se\/blog-se\/vad-ar-volymvikt-och-hur-kan-du-minska-onodig-luft-i-dina-paket\",\n\t            \"name\": \"Vad \u00e4r volymvikt och hur kan du minska on\u00f6dig luft i dina paket? - Rajapack-bloggen\",\n\t            \"isPartOf\": {\n\t                \"@id\": \"https:\/\/www.rajapack.se\/blog-se\/#website\"\n\t            },\n\t            \"primaryImageOfPage\": {\n\t                \"@id\": \"https:\/\/www.rajapack.se\/blog-se\/vad-ar-volymvikt-och-hur-kan-du-minska-onodig-luft-i-dina-paket#primaryimage\"\n\t            },\n\t            \"image\": {\n\t                \"@id\": \"https:\/\/www.rajapack.se\/blog-se\/vad-ar-volymvikt-och-hur-kan-du-minska-onodig-luft-i-dina-paket#primaryimage\"\n\t            },\n\t            \"thumbnailUrl\": \"https:\/\/www.rajapack.se\/blog-se\/wp-content\/uploads\/2021\/04\/volymvikt1.jpg\",\n\t            \"datePublished\": \"2021-04-13T08:39:40+00:00\",\n\t            \"dateModified\": \"2024-01-10T08:26:35+00:00\",\n\t            \"description\": \"V\u00e4lj r\u00e4tt emballage s\u00e5 slipper ni och milj\u00f6n betala extra f\u00f6r att transportera luft. Vad \u00e4r volymvikt och hur kan du p\u00e5verka det?\",\n\t            \"inLanguage\": \"sv-SE\",\n\t            \"potentialAction\": [\n\t                {\n\t                    \"@type\": \"ReadAction\",\n\t                    \"target\": [\n\t                        \"https:\/\/www.rajapack.se\/blog-se\/vad-ar-volymvikt-och-hur-kan-du-minska-onodig-luft-i-dina-paket\"\n\t                    ]\n\t                }\n\t            ]\n\t        },\n\t        {\n\t            \"@type\": \"ImageObject\",\n\t            \"inLanguage\": \"sv-SE\",\n\t            \"@id\": \"https:\/\/www.rajapack.se\/blog-se\/vad-ar-volymvikt-och-hur-kan-du-minska-onodig-luft-i-dina-paket#primaryimage\",\n\t            \"url\": \"https:\/\/www.rajapack.se\/blog-se\/wp-content\/uploads\/2021\/04\/volymvikt1.jpg\",\n\t            \"contentUrl\": \"https:\/\/www.rajapack.se\/blog-se\/wp-content\/uploads\/2021\/04\/volymvikt1.jpg\",\n\t            \"width\": 1280,\n\t            \"height\": 800\n\t        },\n\t        {\n\t            \"@type\": \"WebSite\",\n\t            \"@id\": \"https:\/\/www.rajapack.se\/blog-se\/#website\",\n\t            \"url\": \"https:\/\/www.rajapack.se\/blog-se\/\",\n\t            \"name\": \"Rajapack-bloggen\",\n\t            \"description\": \"GUIDER OCH TIPS OM EMBALLAGE,E-HANDEL OCH MILJ\u00d6\",\n\t            \"publisher\": {\n\t                \"@id\": \"https:\/\/www.rajapack.se\/blog-se\/#organization\"\n\t            },\n\t            \"potentialAction\": [\n\t                {\n\t                    \"@type\": \"SearchAction\",\n\t                    \"target\": {\n\t                        \"@type\": \"EntryPoint\",\n\t                        \"urlTemplate\": \"https:\/\/www.rajapack.se\/blog-se\/?s={search_term_string}\"\n\t                    },\n\t                    \"query-input\": \"required name=search_term_string\"\n\t                }\n\t            ],\n\t            \"inLanguage\": \"sv-SE\"\n\t        },\n\t        {\n\t            \"@type\": \"Organization\",\n\t            \"@id\": \"https:\/\/www.rajapack.se\/blog-se\/#organization\",\n\t            \"name\": \"Rajapack-bloggen\",\n\t            \"url\": \"https:\/\/www.rajapack.se\/blog-se\/\",\n\t            \"logo\": {\n\t                \"@type\": \"ImageObject\",\n\t                \"inLanguage\": \"sv-SE\",\n\t                \"@id\": \"https:\/\/www.rajapack.se\/blog-se\/#\/schema\/logo\/image\/\",\n\t                \"url\": \"https:\/\/www.rajapack.se\/blog-se\/wp-content\/uploads\/2021\/02\/SE-blog-logo.png\",\n\t                \"contentUrl\": \"https:\/\/www.rajapack.se\/blog-se\/wp-content\/uploads\/2021\/02\/SE-blog-logo.png\",\n\t                \"width\": 572,\n\t                \"height\": 119,\n\t                \"caption\": \"Rajapack-bloggen\"\n\t            },\n\t            \"image\": {\n\t                \"@id\": \"https:\/\/www.rajapack.se\/blog-se\/#\/schema\/logo\/image\/\"\n\t            },\n\t            \"sameAs\": [\n\t                \"https:\/\/www.facebook.com\/rajasverige\",\n\t                \"https:\/\/www.instagram.com\/rajasverige\/\",\n\t                \"https:\/\/www.linkedin.com\/company\/rajapackse\",\n\t                \"https:\/\/www.youtube.com\/channel\/UC_sOZj9z04xqu4BjveO_bKw\"\n\t            ]\n\t        },\n\t        {\n\t            \"@type\": \"Person\",\n\t            \"@id\": \"https:\/\/www.rajapack.se\/blog-se\/#\/schema\/person\/63a5ea1db24eb0c7813ee4a043f455ad\",\n\t            \"name\": \"aporslund\",\n\t            \"image\": {\n\t                \"@type\": \"ImageObject\",\n\t                \"inLanguage\": \"sv-SE\",\n\t                \"@id\": \"https:\/\/www.rajapack.se\/blog-se\/#\/schema\/person\/image\/\",\n\t                \"url\": \"https:\/\/secure.gravatar.com\/avatar\/059a913540a30eed63981d708116bbb6?s=96&d=mm&r=g\",\n\t                \"contentUrl\": \"https:\/\/secure.gravatar.com\/avatar\/059a913540a30eed63981d708116bbb6?s=96&d=mm&r=g\",\n\t                \"caption\": \"aporslund\"\n\t            },\n\t            \"url\": \"https:\/\/www.rajapack.se\/blog-se\/author\/aporslund\"\n\t        }\n\t    ]\n\t}<\/script>\n","yoast_head_json":{"title":"Vad \u00e4r volymvikt och hur kan du minska on\u00f6dig luft i dina paket? - Rajapack-bloggen","description":"V\u00e4lj r\u00e4tt emballage s\u00e5 slipper ni och milj\u00f6n betala extra f\u00f6r att transportera luft. Vad \u00e4r volymvikt och hur kan du p\u00e5verka det?","robots":{"index":"index","follow":"follow","max-snippet":"max-snippet:-1","max-image-preview":"max-image-preview:large","max-video-preview":"max-video-preview:-1"},"canonical":"https:\/\/www.rajapack.se\/blog-se\/vad-ar-volymvikt-och-hur-kan-du-minska-onodig-luft-i-dina-paket","og_locale":"sv_SE","og_type":"article","og_title":"Vad \u00e4r volymvikt och hur kan du minska on\u00f6dig luft i dina paket? - Rajapack-bloggen","og_description":"V\u00e4lj r\u00e4tt emballage s\u00e5 slipper ni och milj\u00f6n betala extra f\u00f6r att transportera luft. Vad \u00e4r volymvikt och hur kan du p\u00e5verka det?","og_url":"https:\/\/www.rajapack.se\/blog-se\/vad-ar-volymvikt-och-hur-kan-du-minska-onodig-luft-i-dina-paket","og_site_name":"Rajapack-bloggen","article_publisher":"https:\/\/www.facebook.com\/rajasverige","article_published_time":"2021-04-13T08:39:40+00:00","article_modified_time":"2024-01-10T08:26:35+00:00","og_image":[{"width":1280,"height":800,"url":"https:\/\/www.rajapack.se\/blog-se\/wp-content\/uploads\/2021\/04\/volymvikt1.jpg","type":"image\/jpeg"}],"author":"aporslund","twitter_card":"summary_large_image","twitter_misc":{"Skriven av":"aporslund","Ber\u00e4knad l\u00e4stid":"5 minuter"},"schema":{"@context":"https:\/\/schema.org","@graph":[{"@type":"Article","@id":"https:\/\/www.rajapack.se\/blog-se\/vad-ar-volymvikt-och-hur-kan-du-minska-onodig-luft-i-dina-paket#article","isPartOf":{"@id":"https:\/\/www.rajapack.se\/blog-se\/vad-ar-volymvikt-och-hur-kan-du-minska-onodig-luft-i-dina-paket"},"author":{"name":"aporslund","@id":"https:\/\/www.rajapack.se\/blog-se\/#\/schema\/person\/63a5ea1db24eb0c7813ee4a043f455ad"},"headline":"Vad \u00e4r volymvikt och hur kan du minska on\u00f6dig luft i dina paket?","datePublished":"2021-04-13T08:39:40+00:00","dateModified":"2024-01-10T08:26:35+00:00","mainEntityOfPage":{"@id":"https:\/\/www.rajapack.se\/blog-se\/vad-ar-volymvikt-och-hur-kan-du-minska-onodig-luft-i-dina-paket"},"wordCount":964,"commentCount":0,"publisher":{"@id":"https:\/\/www.rajapack.se\/blog-se\/#organization"},"image":{"@id":"https:\/\/www.rajapack.se\/blog-se\/vad-ar-volymvikt-och-hur-kan-du-minska-onodig-luft-i-dina-paket#primaryimage"},"thumbnailUrl":"https:\/\/www.rajapack.se\/blog-se\/wp-content\/uploads\/2021\/04\/volymvikt1.jpg","keywords":["kartonger","milj\u00f6"],"articleSection":["E-handel","Emballage och f\u00f6rpackningar"],"inLanguage":"sv-SE","potentialAction":[{"@type":"CommentAction","name":"Comment","target":["https:\/\/www.rajapack.se\/blog-se\/vad-ar-volymvikt-och-hur-kan-du-minska-onodig-luft-i-dina-paket#respond"]}]},{"@type":"WebPage","@id":"https:\/\/www.rajapack.se\/blog-se\/vad-ar-volymvikt-och-hur-kan-du-minska-onodig-luft-i-dina-paket","url":"https:\/\/www.rajapack.se\/blog-se\/vad-ar-volymvikt-och-hur-kan-du-minska-onodig-luft-i-dina-paket","name":"Vad \u00e4r volymvikt och hur kan du minska on\u00f6dig luft i dina paket? - Rajapack-bloggen","isPartOf":{"@id":"https:\/\/www.rajapack.se\/blog-se\/#website"},"primaryImageOfPage":{"@id":"https:\/\/www.rajapack.se\/blog-se\/vad-ar-volymvikt-och-hur-kan-du-minska-onodig-luft-i-dina-paket#primaryimage"},"image":{"@id":"https:\/\/www.rajapack.se\/blog-se\/vad-ar-volymvikt-och-hur-kan-du-minska-onodig-luft-i-dina-paket#primaryimage"},"thumbnailUrl":"https:\/\/www.rajapack.se\/blog-se\/wp-content\/uploads\/2021\/04\/volymvikt1.jpg","datePublished":"2021-04-13T08:39:40+00:00","dateModified":"2024-01-10T08:26:35+00:00","description":"V\u00e4lj r\u00e4tt emballage s\u00e5 slipper ni och milj\u00f6n betala extra f\u00f6r att transportera luft. Vad \u00e4r volymvikt och hur kan du p\u00e5verka det?","inLanguage":"sv-SE","potentialAction":[{"@type":"ReadAction","target":["https:\/\/www.rajapack.se\/blog-se\/vad-ar-volymvikt-och-hur-kan-du-minska-onodig-luft-i-dina-paket"]}]},{"@type":"ImageObject","inLanguage":"sv-SE","@id":"https:\/\/www.rajapack.se\/blog-se\/vad-ar-volymvikt-och-hur-kan-du-minska-onodig-luft-i-dina-paket#primaryimage","url":"https:\/\/www.rajapack.se\/blog-se\/wp-content\/uploads\/2021\/04\/volymvikt1.jpg","contentUrl":"https:\/\/www.rajapack.se\/blog-se\/wp-content\/uploads\/2021\/04\/volymvikt1.jpg","width":1280,"height":800},{"@type":"WebSite","@id":"https:\/\/www.rajapack.se\/blog-se\/#website","url":"https:\/\/www.rajapack.se\/blog-se\/","name":"Rajapack-bloggen","description":"GUIDER OCH TIPS OM EMBALLAGE,E-HANDEL OCH MILJ\u00d6","publisher":{"@id":"https:\/\/www.rajapack.se\/blog-se\/#organization"},"potentialAction":[{"@type":"SearchAction","target":{"@type":"EntryPoint","urlTemplate":"https:\/\/www.rajapack.se\/blog-se\/?s={search_term_string}"},"query-input":"required name=search_term_string"}],"inLanguage":"sv-SE"},{"@type":"Organization","@id":"https:\/\/www.rajapack.se\/blog-se\/#organization","name":"Rajapack-bloggen","url":"https:\/\/www.rajapack.se\/blog-se\/","logo":{"@type":"ImageObject","inLanguage":"sv-SE","@id":"https:\/\/www.rajapack.se\/blog-se\/#\/schema\/logo\/image\/","url":"https:\/\/www.rajapack.se\/blog-se\/wp-content\/uploads\/2021\/02\/SE-blog-logo.png","contentUrl":"https:\/\/www.rajapack.se\/blog-se\/wp-content\/uploads\/2021\/02\/SE-blog-logo.png","width":572,"height":119,"caption":"Rajapack-bloggen"},"image":{"@id":"https:\/\/www.rajapack.se\/blog-se\/#\/schema\/logo\/image\/"},"sameAs":["https:\/\/www.facebook.com\/rajasverige","https:\/\/www.instagram.com\/rajasverige\/","https:\/\/www.linkedin.com\/company\/rajapackse","https:\/\/www.youtube.com\/channel\/UC_sOZj9z04xqu4BjveO_bKw"]},{"@type":"Person","@id":"https:\/\/www.rajapack.se\/blog-se\/#\/schema\/person\/63a5ea1db24eb0c7813ee4a043f455ad","name":"aporslund","image":{"@type":"ImageObject","inLanguage":"sv-SE","@id":"https:\/\/www.rajapack.se\/blog-se\/#\/schema\/person\/image\/","url":"https:\/\/secure.gravatar.com\/avatar\/059a913540a30eed63981d708116bbb6?s=96&d=mm&r=g","contentUrl":"https:\/\/secure.gravatar.com\/avatar\/059a913540a30eed63981d708116bbb6?s=96&d=mm&r=g","caption":"aporslund"},"url":"https:\/\/www.rajapack.se\/blog-se\/author\/aporslund"}]}},"_links":{"self":[{"href":"https:\/\/www.rajapack.se\/blog-se\/wp-json\/wp\/v2\/posts\/1293"}],"collection":[{"href":"https:\/\/www.rajapack.se\/blog-se\/wp-json\/wp\/v2\/posts"}],"about":[{"href":"https:\/\/www.rajapack.se\/blog-se\/wp-json\/wp\/v2\/types\/post"}],"author":[{"embeddable":true,"href":"https:\/\/www.rajapack.se\/blog-se\/wp-json\/wp\/v2\/users\/56"}],"replies":[{"embeddable":true,"href":"https:\/\/www.rajapack.se\/blog-se\/wp-json\/wp\/v2\/comments?post=1293"}],"version-history":[{"count":0,"href":"https:\/\/www.rajapack.se\/blog-se\/wp-json\/wp\/v2\/posts\/1293\/revisions"}],"wp:featuredmedia":[{"embeddable":true,"href":"https:\/\/www.rajapack.se\/blog-se\/wp-json\/wp\/v2\/media\/2092"}],"wp:attachment":[{"href":"https:\/\/www.rajapack.se\/blog-se\/wp-json\/wp\/v2\/media?parent=1293"}],"wp:term":[{"taxonomy":"category","embeddable":true,"href":"https:\/\/www.rajapack.se\/blog-se\/wp-json\/wp\/v2\/categories?post=1293"},{"taxonomy":"post_tag","embeddable":true,"href":"https:\/\/www.rajapack.se\/blog-se\/wp-json\/wp\/v2\/tags?post=1293"}],"curies":[{"name":"wp","href":"https:\/\/api.w.org\/{rel}","templated":true}]}}