{"id":1679,"date":"2021-10-14T14:30:40","date_gmt":"2021-10-14T13:30:40","guid":{"rendered":"https:\/\/www.rajapack.se\/blog-se\/?p=1679"},"modified":"2022-11-23T14:43:22","modified_gmt":"2022-11-23T13:43:22","slug":"e-handlarens-guide-till-black-friday-2021","status":"publish","type":"post","link":"https:\/\/www.rajapack.se\/blog-se\/e-handlarens-guide-till-black-friday-2021","title":{"rendered":"E-handlarens guide till Black Friday 2021"},"content":{"rendered":"<p>Black Friday markerar startskottet f\u00f6r julhandeln, och redan nu b\u00f6rjar m\u00e5nga konsumenter sin research inf\u00f6r shoppingdagen. Som e-handlare har du s\u00e4kert redan m\u00e4rkt att f\u00f6rberedelserna startar tidigare varje \u00e5r &#8211; s\u00e4rskilt n\u00e4r det kommer till emballage. Vi guidar dig till \u00e5rets Black Friday, s\u00e5 att du kan f\u00f6rbereda dig p\u00e5 ett optimalt s\u00e4tt.<\/p>\n<div id=\"ez-toc-container\" class=\"ez-toc-v2_0_67_1 counter-hierarchy ez-toc-counter ez-toc-grey ez-toc-container-direction\">\n<div class=\"ez-toc-title-container\">\n<p class=\"ez-toc-title \" >Table of Contents<\/p>\n<span class=\"ez-toc-title-toggle\"><a href=\"#\" class=\"ez-toc-pull-right ez-toc-btn ez-toc-btn-xs ez-toc-btn-default ez-toc-toggle\" aria-label=\"Toggle Table of Content\"><span class=\"ez-toc-js-icon-con\"><span class=\"\"><span class=\"eztoc-hide\" style=\"display:none;\">Toggle<\/span><span class=\"ez-toc-icon-toggle-span\"><svg style=\"fill: #999;color:#999\" xmlns=\"http:\/\/www.w3.org\/2000\/svg\" class=\"list-377408\" width=\"20px\" height=\"20px\" viewBox=\"0 0 24 24\" fill=\"none\"><path d=\"M6 6H4v2h2V6zm14 0H8v2h12V6zM4 11h2v2H4v-2zm16 0H8v2h12v-2zM4 16h2v2H4v-2zm16 0H8v2h12v-2z\" fill=\"currentColor\"><\/path><\/svg><svg style=\"fill: #999;color:#999\" class=\"arrow-unsorted-368013\" xmlns=\"http:\/\/www.w3.org\/2000\/svg\" width=\"10px\" height=\"10px\" viewBox=\"0 0 24 24\" version=\"1.2\" baseProfile=\"tiny\"><path d=\"M18.2 9.3l-6.2-6.3-6.2 6.3c-.2.2-.3.4-.3.7s.1.5.3.7c.2.2.4.3.7.3h11c.3 0 .5-.1.7-.3.2-.2.3-.5.3-.7s-.1-.5-.3-.7zM5.8 14.7l6.2 6.3 6.2-6.3c.2-.2.3-.5.3-.7s-.1-.5-.3-.7c-.2-.2-.4-.3-.7-.3h-11c-.3 0-.5.1-.7.3-.2.2-.3.5-.3.7s.1.5.3.7z\"\/><\/svg><\/span><\/span><\/span><\/a><\/span><\/div>\n<nav><ul class='ez-toc-list ez-toc-list-level-1 ' ><li class='ez-toc-page-1 ez-toc-heading-level-2'><a class=\"ez-toc-link ez-toc-heading-1\" href=\"https:\/\/www.rajapack.se\/blog-se\/e-handlarens-guide-till-black-friday-2021\/#Maste_mitt_foretag_vara_med_pa_Black_Friday\" title=\"M\u00e5ste mitt f\u00f6retag vara med p\u00e5 Black Friday?\">M\u00e5ste mitt f\u00f6retag vara med p\u00e5 Black Friday?<\/a><\/li><li class='ez-toc-page-1 ez-toc-heading-level-2'><a class=\"ez-toc-link ez-toc-heading-2\" href=\"https:\/\/www.rajapack.se\/blog-se\/e-handlarens-guide-till-black-friday-2021\/#Ravarubrist_och_Corona_paverkar_arets_Black_Friday\" title=\"R\u00e5varubrist och Corona p\u00e5verkar \u00e5rets Black Friday\">R\u00e5varubrist och Corona p\u00e5verkar \u00e5rets Black Friday<\/a><\/li><li class='ez-toc-page-1 ez-toc-heading-level-2'><a class=\"ez-toc-link ez-toc-heading-3\" href=\"https:\/\/www.rajapack.se\/blog-se\/e-handlarens-guide-till-black-friday-2021\/#Utmark_dig_med_paketering\" title=\"Utm\u00e4rk dig med paketering\">Utm\u00e4rk dig med paketering<\/a><ul class='ez-toc-list-level-3' ><li class='ez-toc-heading-level-3'><a class=\"ez-toc-link ez-toc-heading-4\" href=\"https:\/\/www.rajapack.se\/blog-se\/e-handlarens-guide-till-black-friday-2021\/#2_Tank_pa_miljon_vid_val_av_emballage\" title=\"2. T\u00e4nk p\u00e5 milj\u00f6n vid val av emballage\">2. T\u00e4nk p\u00e5 milj\u00f6n vid val av emballage<\/a><\/li><li class='ez-toc-page-1 ez-toc-heading-level-3'><a class=\"ez-toc-link ez-toc-heading-5\" href=\"https:\/\/www.rajapack.se\/blog-se\/e-handlarens-guide-till-black-friday-2021\/#3_Emballage_med_eget_tryck\" title=\"3. Emballage med eget tryck\">3. Emballage med eget tryck<\/a><\/li><\/ul><\/li><li class='ez-toc-page-1 ez-toc-heading-level-2'><a class=\"ez-toc-link ez-toc-heading-6\" href=\"https:\/\/www.rajapack.se\/blog-se\/e-handlarens-guide-till-black-friday-2021\/#Behover_du_hjalp_med_att_valja_ratt_emballage\" title=\"Beh\u00f6ver du hj\u00e4lp med att v\u00e4lja r\u00e4tt emballage?\">Beh\u00f6ver du hj\u00e4lp med att v\u00e4lja r\u00e4tt emballage?<\/a><ul class='ez-toc-list-level-3' ><li class='ez-toc-heading-level-3'><a class=\"ez-toc-link ez-toc-heading-7\" href=\"https:\/\/www.rajapack.se\/blog-se\/e-handlarens-guide-till-black-friday-2021\/#Hall_kontakten_med_oss\" title=\"H\u00e5ll kontakten med oss\">H\u00e5ll kontakten med oss<\/a><\/li><\/ul><\/li><\/ul><\/nav><\/div>\n<h2><span class=\"ez-toc-section\" id=\"Maste_mitt_foretag_vara_med_pa_Black_Friday\"><\/span>M\u00e5ste mitt f\u00f6retag vara med p\u00e5 Black Friday?<span class=\"ez-toc-section-end\"><\/span><\/h2>\n<p>Inom fenomenet Black Friday har flera underliggande trender utvecklats. Det b\u00f6rjade med Cyber Monday vilket f\u00f6rl\u00e4ngde dagen till en helg, nu b\u00f6rjar ocks\u00e5 termen Black Week f\u00e5 mer och mer f\u00e4ste. Ibland verkar det som att Black Friday bara blir mer och mer utbrett och extremt.<\/p>\n<p>Men alla \u00e4r inte med p\u00e5 tanken att shoppingdagen ska f\u00f6rl\u00e4ngas och intensifieras. Det finns en oro kring att rea-hetsen leder till \u00f6verkonsumption &#8211; n\u00e5got som sj\u00e4lvklart har en negativ p\u00e5verkan p\u00e5 milj\u00f6n. Som motreaktion till Black Friday har d\u00e4rf\u00f6r Green Friday etablerats. Magasinet Bustle beskriver Green Friday som en &#8217;anti-Black Friday movement&#8217;:<\/p>\n<blockquote><p>Green Friday challenges consumers to not rush to the shops and instead choose to shop sustainable brands or not shop at all.<\/p>\n<p><a href=\"https:\/\/www.bustle.com\/style\/what-is-green-friday\">Bustle &#8211; What is Green Friday?<\/a><\/p><\/blockquote>\n<p>Svaret \u00e4r allts\u00e5 nej, du <em>m\u00e5ste<\/em> inte vara med p\u00e5 Black Friday. Det \u00e4r helt upp till dig hur du vill anv\u00e4nda dagen. Du kan skapa dina egna regler!<\/p>\n<p>F\u00f6rra \u00e5ret k\u00f6rde vi p\u00e5 RAJA till exempel en kombination av Black Friday och Green Friday. Vi kallade v\u00e5r kampanj f\u00f6r Green RAJA-Days, och den innebar att vi erbj\u00f6d rabatt p\u00e5 v\u00e5rt sortiment av utvalda milj\u00f6v\u00e4nliga partnerprodukter. F\u00f6r varje s\u00e5ld partnerprodukt s\u00e5 donerar vi 10 kr till <a href=\"https:\/\/www.rajapack.se\/kvinnor-och-miljo_cms_000048.html\">\u00e5tg\u00e4rdsprogrammet Kvinnor och milj\u00f6<\/a>, en v\u00e4lg\u00f6renhet som st\u00f6ttar 6 projekt i v\u00e4rlden med fokus p\u00e5 milj\u00f6 och kvinnors r\u00e4tt. Detta \u00e4r ett projekt vi st\u00f6ttar \u00e5ret runt, men genom att erbjuda rabatt p\u00e5 detta sortiment \u00f6ver Black Friday s\u00e5 gav vi ett extra incitament till v\u00e5ra kunder som vill att deras val av emballage ska gynna b\u00e5de milj\u00f6n och solidaritet. Win win, helt enkelt.<\/p>\n<p><a href=\"https:\/\/www.rajapack.se\/kvinnor-och-miljo_cms_000048.html\" target=\"_blank\" rel=\"noopener\"><img loading=\"lazy\" decoding=\"async\" class=\"alignnone wp-image-1689 size-full\" src=\"https:\/\/www.rajapack.se\/blog-se\/wp-content\/uploads\/2021\/10\/Kopia-av-Namnlos.png\" alt=\"\u00c5tg\u00e4rdsprogrammet Kvinnor och milj\u00f6\" width=\"1000\" height=\"300\" srcset=\"https:\/\/www.rajapack.se\/blog-se\/wp-content\/uploads\/2021\/10\/Kopia-av-Namnlos.png 1000w, https:\/\/www.rajapack.se\/blog-se\/wp-content\/uploads\/2021\/10\/Kopia-av-Namnlos-430x129.png 430w, https:\/\/www.rajapack.se\/blog-se\/wp-content\/uploads\/2021\/10\/Kopia-av-Namnlos-768x230.png 768w\" sizes=\"(max-width: 1000px) 100vw, 1000px\" \/><\/a><\/p>\n<h2><span class=\"ez-toc-section\" id=\"Ravarubrist_och_Corona_paverkar_arets_Black_Friday\"><\/span>R\u00e5varubrist och Corona p\u00e5verkar \u00e5rets Black Friday<span class=\"ez-toc-section-end\"><\/span><\/h2>\n<p>Att det p\u00e5g\u00e5r en allvarlig resursbrist i v\u00e4rlden \u00e4r n\u00e5got som \u00e4r sv\u00e5rt att undg\u00e5. Brist p\u00e5 r\u00e5varor som plast och tr\u00e4 p\u00e5verkar efterfr\u00e5gan vilket i sin tur leder till pris\u00f6kningar, och i v\u00e4rsta fall kan du inte ens f\u00e5 tag p\u00e5 de r\u00e5varor du vill ha. Vad detta inneb\u00e4r f\u00f6r dig som e-handlare \u00e4r att du beh\u00f6ver ha en \u00e4nnu b\u00e4ttre framf\u00f6rh\u00e5llning samt en villighet att \u00f6verv\u00e4ga alternativa l\u00f6sningar n\u00e4r det kommer till emballage f\u00f6r dina produkter. Ta fram en prognos p\u00e5 hur m\u00e5nga varor ni kommer s\u00e4lja, och var ute i god tid med att best\u00e4lla det emballage ni beh\u00f6ver.<\/p>\n<p>Gl\u00f6m inte heller att f\u00f6rra \u00e5rets f\u00f6rs\u00e4ljning under h\u00f6gs\u00e4song hade en ovanligt stor viktning mot e-handel, p\u00e5 grund av det stadie av Corona-pandemin vi befann oss i. Om de senaste veckornas positiva trend g\u00e4llande minskad smittspridning h\u00e5ller i sig s\u00e5 kommer f\u00f6rmodligen en ansenlig del av k\u00f6pen f\u00f6rflyttas till butik i \u00e5r.<\/p>\n<p>Beh\u00f6ver du r\u00e5dgivning kring allt detta \u00e4r du v\u00e4lkommen att kontakta oss p\u00e5 RAJA, s\u00e5 hj\u00e4lper vi dig navigera. Som experter inom emballage \u00e4r vi vana vid att ta fram l\u00f6sningsf\u00f6rslag utifr\u00e5n v\u00e5ra kunders unika f\u00f6ruts\u00e4ttningar och utmaningar. Du n\u00e5r v\u00e5r support p\u00e5 telefon <b>010 &#8211; 33 08 200 <\/b>eller mejl<b> info@rajapack.se<\/b>, vi finns tillg\u00e4ngliga p\u00e5 helgfria vardagar kl 07:30-17:00.<\/p>\n<p><a href=\"https:\/\/www.rajapack.se\/vara-uppgifter_cms_000033.html\"><img loading=\"lazy\" decoding=\"async\" class=\"alignnone wp-image-1690 size-full\" src=\"https:\/\/www.rajapack.se\/blog-se\/wp-content\/uploads\/2021\/10\/kontakt.jpg\" alt=\"Kontakta oss f\u00f6r r\u00e5dgivning kring emballage\" width=\"1440\" height=\"337\" srcset=\"https:\/\/www.rajapack.se\/blog-se\/wp-content\/uploads\/2021\/10\/kontakt.jpg 1440w, https:\/\/www.rajapack.se\/blog-se\/wp-content\/uploads\/2021\/10\/kontakt-430x101.jpg 430w, https:\/\/www.rajapack.se\/blog-se\/wp-content\/uploads\/2021\/10\/kontakt-768x180.jpg 768w, https:\/\/www.rajapack.se\/blog-se\/wp-content\/uploads\/2021\/10\/kontakt-1024x240.jpg 1024w\" sizes=\"(max-width: 1440px) 100vw, 1440px\" \/><\/a><\/p>\n<h2><span class=\"ez-toc-section\" id=\"Utmark_dig_med_paketering\"><\/span>Utm\u00e4rk dig med paketering<span class=\"ez-toc-section-end\"><\/span><\/h2>\n<p>Uppm\u00e4rksamhet \u00e4r valuta i dagens samh\u00e4lle, och man pratar st\u00e4ndigt om att &#8221;st\u00e5 ut i bruset&#8221;. Detta \u00e4r extra viktigt under Black Friday n\u00e4r alla fightas om konsumentens uppm\u00e4rksamhet. Vi avslutar d\u00e4rmed denna guide med tv\u00e5 snabba tips p\u00e5 hur du kan utm\u00e4rka dig mot dina konkurrenter g\u00e4llande paketering.<\/p>\n<h3><span class=\"ez-toc-section\" id=\"2_Tank_pa_miljon_vid_val_av_emballage\"><\/span>2. T\u00e4nk p\u00e5 milj\u00f6n vid val av emballage<span class=\"ez-toc-section-end\"><\/span><\/h3>\n<p>Stick ut genom att visa att du bryr dig om milj\u00f6n. En liten vara i ett stort paket fyllt med fyllnadsmaterial ger ett d\u00e5ligt f\u00f6rsta intryck till din kund. Det ses som en on\u00f6dig belastning p\u00e5 milj\u00f6n att skicka varor med mycket luft i paketen, eftersom paketen tar upp on\u00f6digt mycket plats i leveransen. L\u00e4r dig mer om <a href=\"https:\/\/www.rajapack.se\/blog-se\/vad-ar-volymvikt-och-hur-kan-du-minska-onodig-luft-i-dina-paket\/\">volymvikt i v\u00e5rt blogginl\u00e4gg<\/a>, och se till att anv\u00e4nda <a href=\"https:\/\/www.rajapack.se\/boxselector_cms_000002.html\">r\u00e4tt storlek p\u00e5 dina kartonger<\/a>.<\/p>\n<p>Anv\u00e4nder du dig av mycket plast i din f\u00f6rpackningsprocess? I de flesta fall \u00e4r pappersmaterial b\u00e4ttre f\u00f6r milj\u00f6n eftersom det bryts ner naturligt i milj\u00f6n. Utforska g\u00e4rna RAJAs stora utbud av <a href=\"https:\/\/www.rajapack.se\/miljo\/miljovanligt-emballage\/vart-emballage_C9630.html\">milj\u00f6v\u00e4nligt emballage<\/a>. En bonus med milj\u00f6v\u00e4nligt emballage \u00e4r att det ger en tydlig signal till din kund om att du bryr dig om milj\u00f6n. Papperstejp \u00e4r ett perfekt exempel. Det f\u00e4ster lika bra som packtejp av plast, det ger dina paket en naturlig look och det underl\u00e4ttar f\u00f6r dina milj\u00f6medvetna kunder d\u00e5 tejpen inte beh\u00f6ver separeras fr\u00e5n kartongen vid \u00e5tervinning.<\/p>\n<p><img loading=\"lazy\" decoding=\"async\" class=\"alignnone wp-image-1694 size-full\" src=\"https:\/\/www.rajapack.se\/blog-se\/wp-content\/uploads\/2021\/10\/miljomarkning-2.jpg\" alt=\"V\u00e5ra milj\u00f6v\u00e4nliga produkter \u00e4r m\u00e4rkta med denna symbol.\" width=\"1312\" height=\"328\" srcset=\"https:\/\/www.rajapack.se\/blog-se\/wp-content\/uploads\/2021\/10\/miljomarkning-2.jpg 1312w, https:\/\/www.rajapack.se\/blog-se\/wp-content\/uploads\/2021\/10\/miljomarkning-2-430x108.jpg 430w, https:\/\/www.rajapack.se\/blog-se\/wp-content\/uploads\/2021\/10\/miljomarkning-2-768x192.jpg 768w, https:\/\/www.rajapack.se\/blog-se\/wp-content\/uploads\/2021\/10\/miljomarkning-2-1024x256.jpg 1024w\" sizes=\"(max-width: 1312px) 100vw, 1312px\" \/><\/p>\n<p><strong>L\u00e4s ocks\u00e5:<\/strong> <a href=\"https:\/\/www.rajapack.se\/blog-se\/sa-byter-du-ut-3-vanliga-emballageprodukter-mot-ett-miljovanligt-alternativ\/\">S\u00e5 byter du ut 3 vanliga emballageprodukter mot ett milj\u00f6v\u00e4nligt alternativ<\/a><\/p>\n<h3><span class=\"ez-toc-section\" id=\"3_Emballage_med_eget_tryck\"><\/span>3. Emballage med eget tryck<span class=\"ez-toc-section-end\"><\/span><\/h3>\n<p>Visste du att vi erbjuder <a href=\"https:\/\/www.rajapack.se\/specialtryckta-och-skraddarsydda-produkter_cms_000069.html\">specialanpassat emballage<\/a>? Genom att anv\u00e4nda kartonger eller e-handelsp\u00e5sar med ditt f\u00f6retags logga och grafiska profil ger du dina f\u00f6rs\u00e4ndelser en professionell look, du \u00f6kar igenk\u00e4nnandet och st\u00e4rker ert varum\u00e4rke. Skicka din f\u00f6rfr\u00e5gan idag, s\u00e5 inleder vi en dialog d\u00e4r vi \u00e4r med steg f\u00f6r steg i processen.<\/p>\n<p>L\u00e4gg m\u00e4rke till att emballage med eget tryck kan vara kostsamt f\u00f6r mindre f\u00f6retag eftersom kostnaden per f\u00f6rpackning blir l\u00e4gre ju h\u00f6gre volymer du best\u00e4ller. I st\u00e4llet f\u00f6r att specialtrycka hela l\u00e5dor eller p\u00e5sar \u00e4r det mer ekonomiskt att specialtrycka packtejp, som du sedan kan anv\u00e4nda f\u00f6r att s\u00e4tta en personlig pr\u00e4gel p\u00e5 dina paket. Testa g\u00e4rna v\u00e5rt <a href=\"https:\/\/www.rajapack.se\/packtejp-packband-och-buntning\/packtejp-med-eget-tryck_C182610.html\">verktyg Rajaprint<\/a> d\u00e4r du kan designa din egen packtejp. Notera att leveranstiderna just nu \u00e4r v\u00e4ldigt l\u00e5nga p\u00e5 grund av r\u00e5varubrist.<\/p>\n<p><a href=\"https:\/\/www.rajapack.se\/packtejp-packband-och-buntning\/packtejp-med-eget-tryck_C182610.html\"><img loading=\"lazy\" decoding=\"async\" class=\"alignnone wp-image-1681 size-full\" src=\"https:\/\/www.rajapack.se\/blog-se\/wp-content\/uploads\/2021\/10\/packtejp-egen-logga.jpg\" alt=\"Packtejp med eget tryck\" width=\"738\" height=\"277\" srcset=\"https:\/\/www.rajapack.se\/blog-se\/wp-content\/uploads\/2021\/10\/packtejp-egen-logga.jpg 738w, https:\/\/www.rajapack.se\/blog-se\/wp-content\/uploads\/2021\/10\/packtejp-egen-logga-430x161.jpg 430w\" sizes=\"(max-width: 738px) 100vw, 738px\" \/><\/a><\/p>\n<div>\n<h2><span class=\"ez-toc-section\" id=\"Behover_du_hjalp_med_att_valja_ratt_emballage\"><\/span>Beh\u00f6ver du hj\u00e4lp med att v\u00e4lja r\u00e4tt emballage?<span class=\"ez-toc-section-end\"><\/span><\/h2>\n<p>RAJA \u00e4r experter p\u00e5 allt inom emballage \u2013 fr\u00e5n kartonger och packtejp till str\u00e4ckfilm och f\u00f6rpackningsmaskiner.\u00a0<a href=\"https:\/\/www.rajapack.se\/vara-uppgifter_cms_000033.html\" rel=\"external noopener noreferrer\" data-wpel-link=\"external\">Kontakta oss g\u00e4rna<\/a> f\u00f6r tips och r\u00e5dgivning kring vilka f\u00f6rpackningsl\u00f6sningar som passar b\u00e4st f\u00f6r dig och din verksamhet. Numret \u00e4r <b>010 \u2013 33 08 200<\/b>\u00a0och vi har \u00f6ppet vardagar 07:30-17:00.<\/p>\n<h3><span class=\"ez-toc-section\" id=\"Hall_kontakten_med_oss\"><\/span>H\u00e5ll kontakten med oss<span class=\"ez-toc-section-end\"><\/span><\/h3>\n<ul>\n<li><a href=\"https:\/\/www.rajapack.se\/inscription-newsletter-raja.html\" rel=\"external noopener noreferrer\" data-wpel-link=\"external\">Prenumerera p\u00e5 v\u00e5rt nyhetsbrev<\/a>\u00a0f\u00f6r de senaste nyheterna inom emballage och tillg\u00e5ng till exklusiva kampanjer<\/li>\n<li>F\u00f6lj RAJA Sverige p\u00e5\u00a0<a href=\"https:\/\/www.linkedin.com\/company\/rajapackse\" rel=\"external noopener noreferrer\" data-wpel-link=\"external\">Linkedin,<\/a>\u00a0<a href=\"https:\/\/www.facebook.com\/rajasverige\" rel=\"external noopener noreferrer\" data-wpel-link=\"external\">Facebook<\/a>\u00a0och\u00a0<a href=\"https:\/\/www.instagram.com\/rajasverige\/\" rel=\"external noopener noreferrer\" data-wpel-link=\"external\">Instagram<\/a><\/li>\n<li><a href=\"https:\/\/www.rajapack.se\/catalogues.html\" rel=\"external noopener noreferrer\" data-wpel-link=\"external\">Kolla in v\u00e5r senaste produktkatalog<\/a>\u00a0\u2013 best\u00e4ll hem helt gratis eller l\u00e4s den interaktiva katalogen online<\/li>\n<\/ul>\n<\/div>\n<div class=\"su-table su-table-responsive su-table-alternate su-table-fixed\">\n<div><strong>L\u00e4s n\u00e4sta blogginl\u00e4gg:<\/strong><\/div>\n<div><a href=\"https:\/\/www.rajapack.se\/blog-se\/hur-kan-ni-forbattra-er-returhantering\/\">Hur kan ni f\u00f6rb\u00e4ttra er returhantering?<\/a><\/div>\n<div><\/div>\n<div>\n<div class=\"video-container\">\n<div class=\"video-container\"><\/div>\n<\/div>\n<\/div>\n<\/div>\n","protected":false},"excerpt":{"rendered":"<p>Black Friday markerar startskottet f\u00f6r julhandeln, och redan nu b\u00f6rjar m\u00e5nga konsumenter sin research inf\u00f6r shoppingdagen. Som e-handlare har du s\u00e4kert redan m\u00e4rkt att f\u00f6rberedelserna startar tidigare varje \u00e5r &#8211; [&#8230;]<\/p>\n","protected":false},"author":68,"featured_media":1688,"comment_status":"open","ping_status":"open","sticky":false,"template":"","format":"standard","meta":{"_acf_changed":false,"footnotes":""},"categories":[10,7],"tags":[59,51],"class_list":["post-1679","post","type-post","status-publish","format-standard","has-post-thumbnail","hentry","category-e-handel","category-nyheter","tag-black-friday","tag-tips"],"acf":[],"yoast_head":"\n<title>E-handlarens guide till Black Friday 2021 - Rajapack-bloggen<\/title>\n<meta name=\"description\" content=\"Detta \u00e5rets Black Friday p\u00e5verkas tydligt av Corona, r\u00e5varubrist och pris\u00f6kningar. Hur ska e-handlare egentligen t\u00e4nka kring denna h\u00f6gtid?\" \/>\n<meta name=\"robots\" content=\"index, follow, max-snippet:-1, max-image-preview:large, max-video-preview:-1\" \/>\n<link rel=\"canonical\" href=\"https:\/\/www.rajapack.se\/blog-se\/e-handlarens-guide-till-black-friday-2021\" \/>\n<meta property=\"og:locale\" content=\"sv_SE\" \/>\n<meta property=\"og:type\" content=\"article\" \/>\n<meta property=\"og:title\" content=\"E-handlarens guide till Black Friday 2021 - Rajapack-bloggen\" \/>\n<meta property=\"og:description\" content=\"Detta \u00e5rets Black Friday p\u00e5verkas tydligt av Corona, r\u00e5varubrist och pris\u00f6kningar. Hur ska e-handlare egentligen t\u00e4nka kring denna h\u00f6gtid?\" \/>\n<meta property=\"og:url\" content=\"https:\/\/www.rajapack.se\/blog-se\/e-handlarens-guide-till-black-friday-2021\" \/>\n<meta property=\"og:site_name\" content=\"Rajapack-bloggen\" \/>\n<meta property=\"article:publisher\" content=\"https:\/\/www.facebook.com\/rajasverige\" \/>\n<meta property=\"article:published_time\" content=\"2021-10-14T13:30:40+00:00\" \/>\n<meta property=\"article:modified_time\" content=\"2022-11-23T13:43:22+00:00\" \/>\n<meta property=\"og:image\" content=\"https:\/\/www.rajapack.se\/blog-se\/wp-content\/uploads\/2021\/10\/E-handlarens-guide-till-1.jpg\" \/>\n\t<meta property=\"og:image:width\" content=\"1200\" \/>\n\t<meta property=\"og:image:height\" content=\"630\" \/>\n\t<meta property=\"og:image:type\" content=\"image\/jpeg\" \/>\n<meta name=\"author\" content=\"Frida Krantz\" \/>\n<meta name=\"twitter:card\" content=\"summary_large_image\" \/>\n<meta name=\"twitter:label1\" content=\"Skriven av\" \/>\n\t<meta name=\"twitter:data1\" content=\"Frida Krantz\" \/>\n\t<meta name=\"twitter:label2\" content=\"Ber\u00e4knad l\u00e4stid\" \/>\n\t<meta name=\"twitter:data2\" content=\"6 minuter\" \/>\n<script type=\"application\/ld+json\" class=\"yoast-schema-graph\">{\n\t    \"@context\": \"https:\/\/schema.org\",\n\t    \"@graph\": [\n\t        {\n\t            \"@type\": \"Article\",\n\t            \"@id\": \"https:\/\/www.rajapack.se\/blog-se\/e-handlarens-guide-till-black-friday-2021#article\",\n\t            \"isPartOf\": {\n\t                \"@id\": \"https:\/\/www.rajapack.se\/blog-se\/e-handlarens-guide-till-black-friday-2021\"\n\t            },\n\t            \"author\": {\n\t                \"name\": \"Frida Krantz\",\n\t                \"@id\": \"https:\/\/www.rajapack.se\/blog-se\/#\/schema\/person\/0b3d465f829548d8359a70371c0fab4f\"\n\t            },\n\t            \"headline\": \"E-handlarens guide till Black Friday 2021\",\n\t            \"datePublished\": \"2021-10-14T13:30:40+00:00\",\n\t            \"dateModified\": \"2022-11-23T13:43:22+00:00\",\n\t            \"mainEntityOfPage\": {\n\t                \"@id\": \"https:\/\/www.rajapack.se\/blog-se\/e-handlarens-guide-till-black-friday-2021\"\n\t            },\n\t            \"wordCount\": 1223,\n\t            \"commentCount\": 0,\n\t            \"publisher\": {\n\t                \"@id\": \"https:\/\/www.rajapack.se\/blog-se\/#organization\"\n\t            },\n\t            \"image\": {\n\t                \"@id\": \"https:\/\/www.rajapack.se\/blog-se\/e-handlarens-guide-till-black-friday-2021#primaryimage\"\n\t            },\n\t            \"thumbnailUrl\": \"https:\/\/www.rajapack.se\/blog-se\/wp-content\/uploads\/2021\/10\/E-handlarens-guide-till-1.jpg\",\n\t            \"keywords\": [\n\t                \"Black Friday\",\n\t                \"tips\"\n\t            ],\n\t            \"articleSection\": [\n\t                \"E-handel\",\n\t                \"Nyheter och trender\"\n\t            ],\n\t            \"inLanguage\": \"sv-SE\",\n\t            \"potentialAction\": [\n\t                {\n\t                    \"@type\": \"CommentAction\",\n\t                    \"name\": \"Comment\",\n\t                    \"target\": [\n\t                        \"https:\/\/www.rajapack.se\/blog-se\/e-handlarens-guide-till-black-friday-2021#respond\"\n\t                    ]\n\t                }\n\t            ]\n\t        },\n\t        {\n\t            \"@type\": \"WebPage\",\n\t            \"@id\": \"https:\/\/www.rajapack.se\/blog-se\/e-handlarens-guide-till-black-friday-2021\",\n\t            \"url\": \"https:\/\/www.rajapack.se\/blog-se\/e-handlarens-guide-till-black-friday-2021\",\n\t            \"name\": \"E-handlarens guide till Black Friday 2021 - Rajapack-bloggen\",\n\t            \"isPartOf\": {\n\t                \"@id\": \"https:\/\/www.rajapack.se\/blog-se\/#website\"\n\t            },\n\t            \"primaryImageOfPage\": {\n\t                \"@id\": \"https:\/\/www.rajapack.se\/blog-se\/e-handlarens-guide-till-black-friday-2021#primaryimage\"\n\t            },\n\t            \"image\": {\n\t                \"@id\": \"https:\/\/www.rajapack.se\/blog-se\/e-handlarens-guide-till-black-friday-2021#primaryimage\"\n\t            },\n\t            \"thumbnailUrl\": \"https:\/\/www.rajapack.se\/blog-se\/wp-content\/uploads\/2021\/10\/E-handlarens-guide-till-1.jpg\",\n\t            \"datePublished\": \"2021-10-14T13:30:40+00:00\",\n\t            \"dateModified\": \"2022-11-23T13:43:22+00:00\",\n\t            \"description\": \"Detta \u00e5rets Black Friday p\u00e5verkas tydligt av Corona, r\u00e5varubrist och pris\u00f6kningar. Hur ska e-handlare egentligen t\u00e4nka kring denna h\u00f6gtid?\",\n\t            \"inLanguage\": \"sv-SE\",\n\t            \"potentialAction\": [\n\t                {\n\t                    \"@type\": \"ReadAction\",\n\t                    \"target\": [\n\t                        \"https:\/\/www.rajapack.se\/blog-se\/e-handlarens-guide-till-black-friday-2021\"\n\t                    ]\n\t                }\n\t            ]\n\t        },\n\t        {\n\t            \"@type\": \"ImageObject\",\n\t            \"inLanguage\": \"sv-SE\",\n\t            \"@id\": \"https:\/\/www.rajapack.se\/blog-se\/e-handlarens-guide-till-black-friday-2021#primaryimage\",\n\t            \"url\": \"https:\/\/www.rajapack.se\/blog-se\/wp-content\/uploads\/2021\/10\/E-handlarens-guide-till-1.jpg\",\n\t            \"contentUrl\": \"https:\/\/www.rajapack.se\/blog-se\/wp-content\/uploads\/2021\/10\/E-handlarens-guide-till-1.jpg\",\n\t            \"width\": 1200,\n\t            \"height\": 630\n\t        },\n\t        {\n\t            \"@type\": \"WebSite\",\n\t            \"@id\": \"https:\/\/www.rajapack.se\/blog-se\/#website\",\n\t            \"url\": \"https:\/\/www.rajapack.se\/blog-se\/\",\n\t            \"name\": \"Rajapack-bloggen\",\n\t            \"description\": \"GUIDER OCH TIPS OM EMBALLAGE,E-HANDEL OCH MILJ\u00d6\",\n\t            \"publisher\": {\n\t                \"@id\": \"https:\/\/www.rajapack.se\/blog-se\/#organization\"\n\t            },\n\t            \"potentialAction\": [\n\t                {\n\t                    \"@type\": \"SearchAction\",\n\t                    \"target\": {\n\t                        \"@type\": \"EntryPoint\",\n\t                        \"urlTemplate\": \"https:\/\/www.rajapack.se\/blog-se\/?s={search_term_string}\"\n\t                    },\n\t                    \"query-input\": \"required name=search_term_string\"\n\t                }\n\t            ],\n\t            \"inLanguage\": \"sv-SE\"\n\t        },\n\t        {\n\t            \"@type\": \"Organization\",\n\t            \"@id\": \"https:\/\/www.rajapack.se\/blog-se\/#organization\",\n\t            \"name\": \"Rajapack-bloggen\",\n\t            \"url\": \"https:\/\/www.rajapack.se\/blog-se\/\",\n\t            \"logo\": {\n\t                \"@type\": \"ImageObject\",\n\t                \"inLanguage\": \"sv-SE\",\n\t                \"@id\": \"https:\/\/www.rajapack.se\/blog-se\/#\/schema\/logo\/image\/\",\n\t                \"url\": \"https:\/\/www.rajapack.se\/blog-se\/wp-content\/uploads\/2021\/02\/SE-blog-logo.png\",\n\t                \"contentUrl\": \"https:\/\/www.rajapack.se\/blog-se\/wp-content\/uploads\/2021\/02\/SE-blog-logo.png\",\n\t                \"width\": 572,\n\t                \"height\": 119,\n\t                \"caption\": \"Rajapack-bloggen\"\n\t            },\n\t            \"image\": {\n\t                \"@id\": \"https:\/\/www.rajapack.se\/blog-se\/#\/schema\/logo\/image\/\"\n\t            },\n\t            \"sameAs\": [\n\t                \"https:\/\/www.facebook.com\/rajasverige\",\n\t                \"https:\/\/www.instagram.com\/rajasverige\/\",\n\t                \"https:\/\/www.linkedin.com\/company\/rajapackse\",\n\t                \"https:\/\/www.youtube.com\/channel\/UC_sOZj9z04xqu4BjveO_bKw\"\n\t            ]\n\t        },\n\t        {\n\t            \"@type\": \"Person\",\n\t            \"@id\": \"https:\/\/www.rajapack.se\/blog-se\/#\/schema\/person\/0b3d465f829548d8359a70371c0fab4f\",\n\t            \"name\": \"Frida Krantz\",\n\t            \"image\": {\n\t                \"@type\": \"ImageObject\",\n\t                \"inLanguage\": \"sv-SE\",\n\t                \"@id\": \"https:\/\/www.rajapack.se\/blog-se\/#\/schema\/person\/image\/\",\n\t                \"url\": \"https:\/\/secure.gravatar.com\/avatar\/fee5304ec8cb239dea0f099f926125f0?s=96&d=mm&r=g\",\n\t                \"contentUrl\": \"https:\/\/secure.gravatar.com\/avatar\/fee5304ec8cb239dea0f099f926125f0?s=96&d=mm&r=g\",\n\t                \"caption\": \"Frida Krantz\"\n\t            },\n\t            \"url\": \"https:\/\/www.rajapack.se\/blog-se\/author\/fkrantz\"\n\t        }\n\t    ]\n\t}<\/script>\n","yoast_head_json":{"title":"E-handlarens guide till Black Friday 2021 - Rajapack-bloggen","description":"Detta \u00e5rets Black Friday p\u00e5verkas tydligt av Corona, r\u00e5varubrist och pris\u00f6kningar. Hur ska e-handlare egentligen t\u00e4nka kring denna h\u00f6gtid?","robots":{"index":"index","follow":"follow","max-snippet":"max-snippet:-1","max-image-preview":"max-image-preview:large","max-video-preview":"max-video-preview:-1"},"canonical":"https:\/\/www.rajapack.se\/blog-se\/e-handlarens-guide-till-black-friday-2021","og_locale":"sv_SE","og_type":"article","og_title":"E-handlarens guide till Black Friday 2021 - Rajapack-bloggen","og_description":"Detta \u00e5rets Black Friday p\u00e5verkas tydligt av Corona, r\u00e5varubrist och pris\u00f6kningar. Hur ska e-handlare egentligen t\u00e4nka kring denna h\u00f6gtid?","og_url":"https:\/\/www.rajapack.se\/blog-se\/e-handlarens-guide-till-black-friday-2021","og_site_name":"Rajapack-bloggen","article_publisher":"https:\/\/www.facebook.com\/rajasverige","article_published_time":"2021-10-14T13:30:40+00:00","article_modified_time":"2022-11-23T13:43:22+00:00","og_image":[{"width":1200,"height":630,"url":"https:\/\/www.rajapack.se\/blog-se\/wp-content\/uploads\/2021\/10\/E-handlarens-guide-till-1.jpg","type":"image\/jpeg"}],"author":"Frida Krantz","twitter_card":"summary_large_image","twitter_misc":{"Skriven av":"Frida Krantz","Ber\u00e4knad l\u00e4stid":"6 minuter"},"schema":{"@context":"https:\/\/schema.org","@graph":[{"@type":"Article","@id":"https:\/\/www.rajapack.se\/blog-se\/e-handlarens-guide-till-black-friday-2021#article","isPartOf":{"@id":"https:\/\/www.rajapack.se\/blog-se\/e-handlarens-guide-till-black-friday-2021"},"author":{"name":"Frida Krantz","@id":"https:\/\/www.rajapack.se\/blog-se\/#\/schema\/person\/0b3d465f829548d8359a70371c0fab4f"},"headline":"E-handlarens guide till Black Friday 2021","datePublished":"2021-10-14T13:30:40+00:00","dateModified":"2022-11-23T13:43:22+00:00","mainEntityOfPage":{"@id":"https:\/\/www.rajapack.se\/blog-se\/e-handlarens-guide-till-black-friday-2021"},"wordCount":1223,"commentCount":0,"publisher":{"@id":"https:\/\/www.rajapack.se\/blog-se\/#organization"},"image":{"@id":"https:\/\/www.rajapack.se\/blog-se\/e-handlarens-guide-till-black-friday-2021#primaryimage"},"thumbnailUrl":"https:\/\/www.rajapack.se\/blog-se\/wp-content\/uploads\/2021\/10\/E-handlarens-guide-till-1.jpg","keywords":["Black Friday","tips"],"articleSection":["E-handel","Nyheter och trender"],"inLanguage":"sv-SE","potentialAction":[{"@type":"CommentAction","name":"Comment","target":["https:\/\/www.rajapack.se\/blog-se\/e-handlarens-guide-till-black-friday-2021#respond"]}]},{"@type":"WebPage","@id":"https:\/\/www.rajapack.se\/blog-se\/e-handlarens-guide-till-black-friday-2021","url":"https:\/\/www.rajapack.se\/blog-se\/e-handlarens-guide-till-black-friday-2021","name":"E-handlarens guide till Black Friday 2021 - Rajapack-bloggen","isPartOf":{"@id":"https:\/\/www.rajapack.se\/blog-se\/#website"},"primaryImageOfPage":{"@id":"https:\/\/www.rajapack.se\/blog-se\/e-handlarens-guide-till-black-friday-2021#primaryimage"},"image":{"@id":"https:\/\/www.rajapack.se\/blog-se\/e-handlarens-guide-till-black-friday-2021#primaryimage"},"thumbnailUrl":"https:\/\/www.rajapack.se\/blog-se\/wp-content\/uploads\/2021\/10\/E-handlarens-guide-till-1.jpg","datePublished":"2021-10-14T13:30:40+00:00","dateModified":"2022-11-23T13:43:22+00:00","description":"Detta \u00e5rets Black Friday p\u00e5verkas tydligt av Corona, r\u00e5varubrist och pris\u00f6kningar. Hur ska e-handlare egentligen t\u00e4nka kring denna h\u00f6gtid?","inLanguage":"sv-SE","potentialAction":[{"@type":"ReadAction","target":["https:\/\/www.rajapack.se\/blog-se\/e-handlarens-guide-till-black-friday-2021"]}]},{"@type":"ImageObject","inLanguage":"sv-SE","@id":"https:\/\/www.rajapack.se\/blog-se\/e-handlarens-guide-till-black-friday-2021#primaryimage","url":"https:\/\/www.rajapack.se\/blog-se\/wp-content\/uploads\/2021\/10\/E-handlarens-guide-till-1.jpg","contentUrl":"https:\/\/www.rajapack.se\/blog-se\/wp-content\/uploads\/2021\/10\/E-handlarens-guide-till-1.jpg","width":1200,"height":630},{"@type":"WebSite","@id":"https:\/\/www.rajapack.se\/blog-se\/#website","url":"https:\/\/www.rajapack.se\/blog-se\/","name":"Rajapack-bloggen","description":"GUIDER OCH TIPS OM EMBALLAGE,E-HANDEL OCH MILJ\u00d6","publisher":{"@id":"https:\/\/www.rajapack.se\/blog-se\/#organization"},"potentialAction":[{"@type":"SearchAction","target":{"@type":"EntryPoint","urlTemplate":"https:\/\/www.rajapack.se\/blog-se\/?s={search_term_string}"},"query-input":"required name=search_term_string"}],"inLanguage":"sv-SE"},{"@type":"Organization","@id":"https:\/\/www.rajapack.se\/blog-se\/#organization","name":"Rajapack-bloggen","url":"https:\/\/www.rajapack.se\/blog-se\/","logo":{"@type":"ImageObject","inLanguage":"sv-SE","@id":"https:\/\/www.rajapack.se\/blog-se\/#\/schema\/logo\/image\/","url":"https:\/\/www.rajapack.se\/blog-se\/wp-content\/uploads\/2021\/02\/SE-blog-logo.png","contentUrl":"https:\/\/www.rajapack.se\/blog-se\/wp-content\/uploads\/2021\/02\/SE-blog-logo.png","width":572,"height":119,"caption":"Rajapack-bloggen"},"image":{"@id":"https:\/\/www.rajapack.se\/blog-se\/#\/schema\/logo\/image\/"},"sameAs":["https:\/\/www.facebook.com\/rajasverige","https:\/\/www.instagram.com\/rajasverige\/","https:\/\/www.linkedin.com\/company\/rajapackse","https:\/\/www.youtube.com\/channel\/UC_sOZj9z04xqu4BjveO_bKw"]},{"@type":"Person","@id":"https:\/\/www.rajapack.se\/blog-se\/#\/schema\/person\/0b3d465f829548d8359a70371c0fab4f","name":"Frida Krantz","image":{"@type":"ImageObject","inLanguage":"sv-SE","@id":"https:\/\/www.rajapack.se\/blog-se\/#\/schema\/person\/image\/","url":"https:\/\/secure.gravatar.com\/avatar\/fee5304ec8cb239dea0f099f926125f0?s=96&d=mm&r=g","contentUrl":"https:\/\/secure.gravatar.com\/avatar\/fee5304ec8cb239dea0f099f926125f0?s=96&d=mm&r=g","caption":"Frida Krantz"},"url":"https:\/\/www.rajapack.se\/blog-se\/author\/fkrantz"}]}},"_links":{"self":[{"href":"https:\/\/www.rajapack.se\/blog-se\/wp-json\/wp\/v2\/posts\/1679"}],"collection":[{"href":"https:\/\/www.rajapack.se\/blog-se\/wp-json\/wp\/v2\/posts"}],"about":[{"href":"https:\/\/www.rajapack.se\/blog-se\/wp-json\/wp\/v2\/types\/post"}],"author":[{"embeddable":true,"href":"https:\/\/www.rajapack.se\/blog-se\/wp-json\/wp\/v2\/users\/68"}],"replies":[{"embeddable":true,"href":"https:\/\/www.rajapack.se\/blog-se\/wp-json\/wp\/v2\/comments?post=1679"}],"version-history":[{"count":0,"href":"https:\/\/www.rajapack.se\/blog-se\/wp-json\/wp\/v2\/posts\/1679\/revisions"}],"wp:featuredmedia":[{"embeddable":true,"href":"https:\/\/www.rajapack.se\/blog-se\/wp-json\/wp\/v2\/media\/1688"}],"wp:attachment":[{"href":"https:\/\/www.rajapack.se\/blog-se\/wp-json\/wp\/v2\/media?parent=1679"}],"wp:term":[{"taxonomy":"category","embeddable":true,"href":"https:\/\/www.rajapack.se\/blog-se\/wp-json\/wp\/v2\/categories?post=1679"},{"taxonomy":"post_tag","embeddable":true,"href":"https:\/\/www.rajapack.se\/blog-se\/wp-json\/wp\/v2\/tags?post=1679"}],"curies":[{"name":"wp","href":"https:\/\/api.w.org\/{rel}","templated":true}]}}