{"id":2416,"date":"2023-09-22T09:40:10","date_gmt":"2023-09-22T08:40:10","guid":{"rendered":"https:\/\/www.rajapack.se\/blog-se\/?p=2416"},"modified":"2025-10-02T09:19:14","modified_gmt":"2025-10-02T08:19:14","slug":"emballering","status":"publish","type":"post","link":"https:\/\/www.rajapack.se\/blog-se\/vad-ar-emballage","title":{"rendered":"Vad \u00e4r emballage och emballering? \u2013 Definition och tips"},"content":{"rendered":"\n<p><span style=\"font-weight: 400;\">Kort sagt handlar emballage och emballering om allt du anv\u00e4nder f\u00f6r att packa, skydda och f\u00f6rbereda en produkt f\u00f6r transport. Men tittar man n\u00e4rmare p\u00e5 \u00e4mnet \u00f6ppnar det upp en hel v\u00e4rld av l\u00f6sningar, material och smarta metoder.<\/span><\/p>\n\n\n\n<p><span style=\"font-weight: 400;\">Sj\u00e4lva ordet emballage kommer fr\u00e5n franskan och b\u00f6rjade anv\u00e4ndas i Sverige redan p\u00e5 1700-talet. Betydelsen \u00e4r densamma d\u00e5 som nu \u2013 material och produkter som g\u00f6r det m\u00f6jligt att f\u00f6rpacka, transportera och bevara varor p\u00e5 ett s\u00e4kert s\u00e4tt. L\u00e4s vidare f\u00f6r att l\u00e4ra dig mer om b\u00e5de emballering och paketering.<\/span><\/p>\n\n\n\n<div id=\"ez-toc-container\" class=\"ez-toc-v2_0_67_1 counter-hierarchy ez-toc-counter ez-toc-grey ez-toc-container-direction\">\n<div class=\"ez-toc-title-container\">\n<p class=\"ez-toc-title \" >Table of Contents<\/p>\n<span class=\"ez-toc-title-toggle\"><a href=\"#\" class=\"ez-toc-pull-right ez-toc-btn ez-toc-btn-xs ez-toc-btn-default ez-toc-toggle\" aria-label=\"Toggle Table of Content\"><span class=\"ez-toc-js-icon-con\"><span class=\"\"><span class=\"eztoc-hide\" style=\"display:none;\">Toggle<\/span><span class=\"ez-toc-icon-toggle-span\"><svg style=\"fill: #999;color:#999\" xmlns=\"http:\/\/www.w3.org\/2000\/svg\" class=\"list-377408\" width=\"20px\" height=\"20px\" viewBox=\"0 0 24 24\" fill=\"none\"><path d=\"M6 6H4v2h2V6zm14 0H8v2h12V6zM4 11h2v2H4v-2zm16 0H8v2h12v-2zM4 16h2v2H4v-2zm16 0H8v2h12v-2z\" fill=\"currentColor\"><\/path><\/svg><svg style=\"fill: #999;color:#999\" class=\"arrow-unsorted-368013\" xmlns=\"http:\/\/www.w3.org\/2000\/svg\" width=\"10px\" height=\"10px\" viewBox=\"0 0 24 24\" version=\"1.2\" baseProfile=\"tiny\"><path d=\"M18.2 9.3l-6.2-6.3-6.2 6.3c-.2.2-.3.4-.3.7s.1.5.3.7c.2.2.4.3.7.3h11c.3 0 .5-.1.7-.3.2-.2.3-.5.3-.7s-.1-.5-.3-.7zM5.8 14.7l6.2 6.3 6.2-6.3c.2-.2.3-.5.3-.7s-.1-.5-.3-.7c-.2-.2-.4-.3-.7-.3h-11c-.3 0-.5.1-.7.3-.2.2-.3.5-.3.7s.1.5.3.7z\"\/><\/svg><\/span><\/span><\/span><\/a><\/span><\/div>\n<nav><ul class='ez-toc-list ez-toc-list-level-1 ' ><li class='ez-toc-page-1 ez-toc-heading-level-2'><a class=\"ez-toc-link ez-toc-heading-1\" href=\"https:\/\/www.rajapack.se\/blog-se\/vad-ar-emballage\/#Emballering_Definition_och_synonymer\" title=\"Emballering: Definition och synonymer\">Emballering: Definition och synonymer<\/a><ul class='ez-toc-list-level-3' ><li class='ez-toc-heading-level-3'><a class=\"ez-toc-link ez-toc-heading-2\" href=\"https:\/\/www.rajapack.se\/blog-se\/vad-ar-emballage\/#Definition\" title=\"Definition\">Definition<\/a><ul class='ez-toc-list-level-4' ><li class='ez-toc-heading-level-4'><a class=\"ez-toc-link ez-toc-heading-3\" href=\"https:\/\/www.rajapack.se\/blog-se\/vad-ar-emballage\/#Synonymer_till_emballering\" title=\"Synonymer till emballering:\">Synonymer till emballering:<\/a><\/li><\/ul><\/li><\/ul><\/li><li class='ez-toc-page-1 ez-toc-heading-level-2'><a class=\"ez-toc-link ez-toc-heading-4\" href=\"https:\/\/www.rajapack.se\/blog-se\/vad-ar-emballage\/#Vad_ar_ett_emballage\" title=\"Vad \u00e4r ett emballage?\">Vad \u00e4r ett emballage?<\/a><ul class='ez-toc-list-level-3' ><li class='ez-toc-heading-level-3'><a class=\"ez-toc-link ez-toc-heading-5\" href=\"https:\/\/www.rajapack.se\/blog-se\/vad-ar-emballage\/#Ratt_emballage_for_ratt_produkt\" title=\"R\u00e4tt emballage f\u00f6r r\u00e4tt produkt\">R\u00e4tt emballage f\u00f6r r\u00e4tt produkt<\/a><\/li><li class='ez-toc-page-1 ez-toc-heading-level-3'><a class=\"ez-toc-link ez-toc-heading-6\" href=\"https:\/\/www.rajapack.se\/blog-se\/vad-ar-emballage\/#Material_och_hallbarhet\" title=\"Material och h\u00e5llbarhet\">Material och h\u00e5llbarhet<\/a><\/li><li class='ez-toc-page-1 ez-toc-heading-level-3'><a class=\"ez-toc-link ez-toc-heading-7\" href=\"https:\/\/www.rajapack.se\/blog-se\/vad-ar-emballage\/#Saker_emballering\" title=\"S\u00e4ker emballering\">S\u00e4ker emballering<\/a><\/li><li class='ez-toc-page-1 ez-toc-heading-level-3'><a class=\"ez-toc-link ez-toc-heading-8\" href=\"https:\/\/www.rajapack.se\/blog-se\/vad-ar-emballage\/#Emballering_och_transport\" title=\"Emballering och transport\">Emballering och transport<\/a><\/li><\/ul><\/li><li class='ez-toc-page-1 ez-toc-heading-level-2'><a class=\"ez-toc-link ez-toc-heading-9\" href=\"https:\/\/www.rajapack.se\/blog-se\/vad-ar-emballage\/#5_tips_fran_RAJA_for_effektiv_emballering\" title=\"5 tips fr\u00e5n RAJA f\u00f6r effektiv emballering\">5 tips fr\u00e5n RAJA f\u00f6r effektiv emballering<\/a><ul class='ez-toc-list-level-3' ><li class='ez-toc-heading-level-3'><a class=\"ez-toc-link ez-toc-heading-10\" href=\"https:\/\/www.rajapack.se\/blog-se\/vad-ar-emballage\/#Organisera_din_packstation\" title=\"Organisera din packstation\">Organisera din packstation<\/a><\/li><li class='ez-toc-page-1 ez-toc-heading-level-3'><a class=\"ez-toc-link ez-toc-heading-11\" href=\"https:\/\/www.rajapack.se\/blog-se\/vad-ar-emballage\/#Valj_ratt_emballage_for_ratt_produkt\" title=\"V\u00e4lj r\u00e4tt emballage f\u00f6r r\u00e4tt produkt\">V\u00e4lj r\u00e4tt emballage f\u00f6r r\u00e4tt produkt<\/a><\/li><li class='ez-toc-page-1 ez-toc-heading-level-3'><a class=\"ez-toc-link ez-toc-heading-12\" href=\"https:\/\/www.rajapack.se\/blog-se\/vad-ar-emballage\/#Tank_hela_vagen_%E2%80%93_fran_packbord_till_leverans\" title=\"T\u00e4nk hela v\u00e4gen \u2013 fr\u00e5n packbord till leverans\">T\u00e4nk hela v\u00e4gen \u2013 fr\u00e5n packbord till leverans<\/a><\/li><li class='ez-toc-page-1 ez-toc-heading-level-3'><a class=\"ez-toc-link ez-toc-heading-13\" href=\"https:\/\/www.rajapack.se\/blog-se\/vad-ar-emballage\/#Ha_koll_pa_lagret\" title=\"Ha koll p\u00e5 lagret\">Ha koll p\u00e5 lagret<\/a><\/li><li class='ez-toc-page-1 ez-toc-heading-level-3'><a class=\"ez-toc-link ez-toc-heading-14\" href=\"https:\/\/www.rajapack.se\/blog-se\/vad-ar-emballage\/#Emballera_smart_%E2%80%93_inte_mer\" title=\"Emballera smart \u2013 inte mer\">Emballera smart \u2013 inte mer<\/a><\/li><\/ul><\/li><li class='ez-toc-page-1 ez-toc-heading-level-2'><a class=\"ez-toc-link ez-toc-heading-15\" href=\"https:\/\/www.rajapack.se\/blog-se\/vad-ar-emballage\/#Paketering_och_emballering_%E2%80%93_vad_ar_skillnaden\" title=\"Paketering och emballering \u2013 vad \u00e4r skillnaden?\">Paketering och emballering \u2013 vad \u00e4r skillnaden?<\/a><\/li><\/ul><\/nav><\/div>\n<h2 class=\"wp-block-heading\"><span class=\"ez-toc-section\" id=\"Emballering_Definition_och_synonymer\"><\/span><span style=\"font-weight: 400;\">Emballering: Definition och synonymer<\/span><span class=\"ez-toc-section-end\"><\/span><\/h2>\n\n\n\n<p><span style=\"font-weight: 400;\">Hos RAJA pratar vi mycket om emballering \u2013 det \u00e4r ju lite av v\u00e5rt hj\u00e4rta och vardag. Oavsett om det handlar om att skicka en <\/span><a href=\"https:\/\/www.rajapack.se\/kartonger_C10.html\"><span style=\"font-weight: 400;\">kartong<\/span><\/a><span style=\"font-weight: 400;\"> eller en hel pall, s\u00e5 vill vi att dina varor ska komma fram tryggt, smidigt och snyggt.<\/span><\/p>\n\n\n\n<h3 class=\"wp-block-heading\"><span class=\"ez-toc-section\" id=\"Definition\"><\/span><b>Definition<\/b><span class=\"ez-toc-section-end\"><\/span><\/h3>\n\n\n\n<p><span style=\"font-weight: 400;\">Emballering inneb\u00e4r processen att packa, skydda och f\u00f6rbereda varor f\u00f6r transport, lagring eller f\u00f6rs\u00e4ljning. Syftet \u00e4r att s\u00e4kerst\u00e4lla att produkten n\u00e5r mottagaren i gott skick och att underl\u00e4tta hantering, m\u00e4rkning och logistik.<\/span><\/p>\n\n\n\n<h4 class=\"wp-block-heading\"><span class=\"ez-toc-section\" id=\"Synonymer_till_emballering\"><\/span><b>Synonymer till emballering:<\/b><span class=\"ez-toc-section-end\"><\/span><\/h4>\n\n\n\n<ul class=\"wp-block-list\">\n<li><span style=\"font-weight: 400;\">F\u00f6rpackning<\/span><\/li>\n\n\n\n<li><span style=\"font-weight: 400;\">Inpackning<\/span><\/li>\n\n\n\n<li><span style=\"font-weight: 400;\">Packning<\/span><\/li>\n\n\n\n<li><span style=\"font-weight: 400;\">Paketering<\/span><\/li>\n<\/ul>\n\n\n\n<h2 class=\"wp-block-heading\"><span class=\"ez-toc-section\" id=\"Vad_ar_ett_emballage\"><\/span><span style=\"font-weight: 400;\">Vad \u00e4r ett emballage?<\/span><span class=\"ez-toc-section-end\"><\/span><\/h2>\n\n\n\n<p><span style=\"font-weight: 400;\">Ett emballage \u00e4r det material och de l\u00f6sningar som anv\u00e4nds f\u00f6r att packa, skydda och transportera en produkt p\u00e5 ett s\u00e4kert och effektivt s\u00e4tt.<\/span><\/p>\n\n\n\n<p><span style=\"font-weight: 400;\">M\u00e5nga t\u00e4nker p\u00e5 en kartong n\u00e4r de h\u00f6r ordet emballage. Faktum \u00e4r att emballage betyder s\u00e5 mycket mer. L\u00e5t oss titta n\u00e4rmare p\u00e5 vilka delar som ing\u00e5r i ett emballage och som kr\u00e4vs f\u00f6r en effektiv emballering.<\/span><\/p>\n\n\n\n<h3 class=\"wp-block-heading\"><span class=\"ez-toc-section\" id=\"Ratt_emballage_for_ratt_produkt\"><\/span><b>R\u00e4tt emballage f\u00f6r r\u00e4tt produkt<\/b><span class=\"ez-toc-section-end\"><\/span><\/h3>\n\n\n\n<p><span style=\"font-weight: 400;\">Ett emballage ska alltid anpassas efter inneh\u00e5llet. Storleken p\u00e5 l\u00e5dan p\u00e5verkar hur mycket <\/span><a href=\"https:\/\/www.rajapack.se\/fyllnads-och-skyddsmaterial_C16.html?_gl=1*taxksd*_up*MQ..*_gs*MQ..&amp;gclid=Cj0KCQjwovPGBhDxARIsAFhgkwRxvO2wMF1IzX2bktJvwIeDhtOcl5W4aB_qRbQPyQLEkY0utw1iQa8aAtMiEALw_wcB&amp;gbraid=0AAAAADt-56PjrMVZahdFD1EiH7FEzSviL\"><span style=\"font-weight: 400;\">fyllnadsmaterial<\/span><\/a><span style=\"font-weight: 400;\"> som beh\u00f6vs, materialets tjocklek avg\u00f6r hur bra det skyddar och f\u00f6rslutningen p\u00e5verkar s\u00e4kerheten.<\/span><\/p>\n\n\n\n<p><span style=\"font-weight: 400;\">Ska du tejpa, banda eller anv\u00e4nda sj\u00e4lvh\u00e4ftande st\u00e4ngning? Vill du kunna \u00f6ppna och st\u00e4nga locket flera g\u00e5nger? Beh\u00f6ver emballaget spegla ditt varum\u00e4rke \u2013 kanske genom tryck, f\u00e4rg eller design?<\/span><\/p>\n\n\n\n<p><span style=\"font-weight: 400;\">T\u00e4nk p\u00e5 en \u00e4ggkartong \u2013 det \u00e4r ett emballage alla k\u00e4nner igen. Om alla \u00e4ggkartonger s\u00e5g likadana ut, vilken skulle du v\u00e4lja i butiken? Emballaget \u00e4r allts\u00e5 inte bara ett skydd, utan ocks\u00e5 en del av kundens upplevelse.<\/span><\/p>\n\n\n\n<h3 class=\"wp-block-heading\"><span class=\"ez-toc-section\" id=\"Material_och_hallbarhet\"><\/span><b>Material och h\u00e5llbarhet<\/b><span class=\"ez-toc-section-end\"><\/span><\/h3>\n\n\n\n<p><span style=\"font-weight: 400;\">Traditionellt har plast varit ett av de mest anv\u00e4nda materialen inom emballage, framf\u00f6r allt p\u00e5 grund av sin t\u00e5lighet, flexibilitet och f\u00f6rm\u00e5ga att skydda varor under transport. Det \u00e4r d\u00e4rf\u00f6r ett sj\u00e4lvklart val f\u00f6r m\u00e5nga f\u00f6retag.\u00a0<\/span><\/p>\n\n\n\n<p><span style=\"font-weight: 400;\">Men n\u00e4r vi pratar om emballage idag \u00e4r det lika viktigt att v\u00e4ga in h\u00e5llbarhet som funktion. Utvecklingen g\u00e5r snabbt fram\u00e5t och hos RAJA best\u00e5r en stor del av plastsortimentet numera av \u00e5tervunnet eller delvis \u00e5tervunnet material.<\/span><\/p>\n\n\n\n<h3 class=\"wp-block-heading\"><span class=\"ez-toc-section\" id=\"Saker_emballering\"><\/span><b>S\u00e4ker emballering<\/b><span class=\"ez-toc-section-end\"><\/span><\/h3>\n\n\n\n<p><span style=\"font-weight: 400;\">Emballage handlar ocks\u00e5 om skydd. <\/span><a href=\"https:\/\/www.rajapack.se\/fyllnads-och-skyddsmaterial\/bubbelplast_C1612.html?_gl=1*zs3v6n*_up*MQ..*_gs*MQ..&amp;gclid=Cj0KCQjwovPGBhDxARIsAFhgkwRxvO2wMF1IzX2bktJvwIeDhtOcl5W4aB_qRbQPyQLEkY0utw1iQa8aAtMiEALw_wcB&amp;gbraid=0AAAAADt-56PjrMVZahdFD1EiH7FEzSviL\"><span style=\"font-weight: 400;\">Bubbelfolie<\/span><\/a><span style=\"font-weight: 400;\"> \u00e4r kanske den f\u00f6rsta produkten som dyker upp i huvudet, men det finns fler smarta alternativ: <\/span><a href=\"https:\/\/www.rajapack.se\/fyllnads-och-skyddsmaterial\/packchips_C1620.html?_gl=1*zs3v6n*_up*MQ..*_gs*MQ..&amp;gclid=Cj0KCQjwovPGBhDxARIsAFhgkwRxvO2wMF1IzX2bktJvwIeDhtOcl5W4aB_qRbQPyQLEkY0utw1iQa8aAtMiEALw_wcB&amp;gbraid=0AAAAADt-56PjrMVZahdFD1EiH7FEzSviL\"><span style=\"font-weight: 400;\">packchips<\/span><\/a><span style=\"font-weight: 400;\">, <\/span><a href=\"https:\/\/www.rajapack.se\/fyllnads-och-skyddsmaterial\/pappersskydd_C1614.html?_gl=1*o5vz5z*_up*MQ..*_gs*MQ..&amp;gclid=Cj0KCQjwovPGBhDxARIsAFhgkwRxvO2wMF1IzX2bktJvwIeDhtOcl5W4aB_qRbQPyQLEkY0utw1iQa8aAtMiEALw_wcB&amp;gbraid=0AAAAADt-56PjrMVZahdFD1EiH7FEzSviL\"><span style=\"font-weight: 400;\">pappersskydd<\/span><\/a><span style=\"font-weight: 400;\"> och <\/span><a href=\"https:\/\/www.rajapack.se\/fyllnads-och-skyddsmaterial\/skumfolie_C1616.html?_gl=1*o5vz5z*_up*MQ..*_gs*MQ..&amp;gclid=Cj0KCQjwovPGBhDxARIsAFhgkwRxvO2wMF1IzX2bktJvwIeDhtOcl5W4aB_qRbQPyQLEkY0utw1iQa8aAtMiEALw_wcB&amp;gbraid=0AAAAADt-56PjrMVZahdFD1EiH7FEzSviL\"><span style=\"font-weight: 400;\">skumprodukter<\/span><\/a><span style=\"font-weight: 400;\">, f\u00f6r att n\u00e4mna n\u00e5gra.\u00a0<\/span><\/p>\n\n\n\n<p><span style=\"font-weight: 400;\">Oavsett om du skickar 10 paket i veckan eller 500 om dagen finns det alltid en l\u00f6sning som g\u00f6r jobbet enkelt och effektivt.<\/span><\/p>\n\n\n\n<h3 class=\"wp-block-heading\"><span class=\"ez-toc-section\" id=\"Emballering_och_transport\"><\/span><b>Emballering och transport<\/b><span class=\"ez-toc-section-end\"><\/span><\/h3>\n\n\n\n<p><span style=\"font-weight: 400;\">N\u00e4r produkten \u00e4r packad och skyddad \u00e4r det dags f\u00f6r transport. \u00c4ven h\u00e4r \u00e4r emballeringen viktig. Pallar, <\/span><a href=\"https:\/\/www.rajapack.se\/strackfilm-och-palletering_C26.html?_gl=1*o5vz5z*_up*MQ..*_gs*MQ..&amp;gclid=Cj0KCQjwovPGBhDxARIsAFhgkwRxvO2wMF1IzX2bktJvwIeDhtOcl5W4aB_qRbQPyQLEkY0utw1iQa8aAtMiEALw_wcB&amp;gbraid=0AAAAADt-56PjrMVZahdFD1EiH7FEzSviL\"><span style=\"font-weight: 400;\">str\u00e4ckfilm<\/span><\/a><span style=\"font-weight: 400;\"> och <\/span><a href=\"https:\/\/www.rajapack.se\/packsedelskuvert-och-etiketter_C20.html?_gl=1*5p5jbd*_up*MQ..*_gs*MQ..&amp;gclid=Cj0KCQjwovPGBhDxARIsAFhgkwRxvO2wMF1IzX2bktJvwIeDhtOcl5W4aB_qRbQPyQLEkY0utw1iQa8aAtMiEALw_wcB&amp;gbraid=0AAAAADt-56PjrMVZahdFD1EiH7FEzSviL\"><span style=\"font-weight: 400;\">packsedelskuvert<\/span><\/a><span style=\"font-weight: 400;\"> \u2013 allt detta r\u00e4knas som emballage och \u00e4r viktiga delar f\u00f6r att varan ska n\u00e5 sin destination tryggt och smidigt.<\/span><\/p>\n\n\n\n<p><span style=\"font-weight: 400;\">L\u00e4s \u00e4ven: <\/span><a href=\"https:\/\/www.rajapack.se\/blog-se\/skicka-klader-och-textilier-snyggt-och-tryggt\"><span style=\"font-weight: 400;\">Skicka kl\u00e4der och textilier snyggt och tryggt<\/span><\/a><span style=\"font-weight: 400;\">.<\/span><\/p>\n\n\n\n<h2 class=\"wp-block-heading\"><span class=\"ez-toc-section\" id=\"5_tips_fran_RAJA_for_effektiv_emballering\"><\/span><span style=\"font-weight: 400;\">5 tips fr\u00e5n RAJA f\u00f6r effektiv emballering<\/span><span class=\"ez-toc-section-end\"><\/span><\/h2>\n\n\n\n<p><span style=\"font-weight: 400;\">Effektiv emballering handlar inte bara om att packa snabbt \u2013 det handlar om att packa smart. Med r\u00e4tt material och r\u00e4tt arbetss\u00e4tt sparar du tid, pengar och samtidigt ser du till att dina produkter n\u00e5r fram i perfekt skick.\u00a0<\/span><\/p>\n\n\n\n<p><b>H\u00e4r bjuder vi p\u00e5 v\u00e5ra b\u00e4sta tips f\u00f6r att g\u00f6ra packningen b\u00e5de enklare och mer effektiv.<\/b><\/p>\n\n\n\n<ul class=\"wp-block-list\">\n<li><h3><span class=\"ez-toc-section\" id=\"Organisera_din_packstation\"><\/span><b>Organisera din packstation<\/b><span class=\"ez-toc-section-end\"><\/span><\/h3><\/li>\n<\/ul>\n\n\n\n<p><span style=\"font-weight: 400;\">Ett v\u00e4lorganiserat packbord sparar b\u00e5de tid och energi. Ha kartonger, fyllnadsmaterial, tejp och etiketter n\u00e4ra till hands \u2013 s\u00e5 blir varje order b\u00e5de snabbare och roligare att packa.<\/span><\/p>\n\n\n\n<ul class=\"wp-block-list\">\n<li><h3><span class=\"ez-toc-section\" id=\"Valj_ratt_emballage_for_ratt_produkt\"><\/span><b>V\u00e4lj r\u00e4tt emballage f\u00f6r r\u00e4tt produkt<\/b><span class=\"ez-toc-section-end\"><\/span><\/h3><\/li>\n<\/ul>\n\n\n\n<p><span style=\"font-weight: 400;\">En produkt, en l\u00f6sning. St\u00e4ll dig alltid fr\u00e5gan: beh\u00f6ver den h\u00e4r varan extra skydd, en mindre l\u00e5da eller kanske en milj\u00f6v\u00e4nlig p\u00e5se? Med r\u00e4tt emballage fr\u00e5n b\u00f6rjan slipper du b\u00e5de \u00f6verpackning och on\u00f6diga skador.<\/span><\/p>\n\n\n\n<ul class=\"wp-block-list\">\n<li><h3><span class=\"ez-toc-section\" id=\"Tank_hela_vagen_%E2%80%93_fran_packbord_till_leverans\"><\/span><b>T\u00e4nk hela v\u00e4gen \u2013 fr\u00e5n packbord till leverans<\/b><span class=\"ez-toc-section-end\"><\/span><\/h3><\/li>\n<\/ul>\n\n\n\n<p><span style=\"font-weight: 400;\">Emballaget ska klara mer \u00e4n sj\u00e4lva packmomentet. Det ska h\u00e5lla genom transport, omlastning och ibland tuffa v\u00e4derf\u00f6rh\u00e5llanden. Med RAJAs sortiment hittar du alltid en l\u00f6sning som st\u00e5r pall hela v\u00e4gen.<\/span><\/p>\n\n\n\n<ul class=\"wp-block-list\">\n<li><h3><span class=\"ez-toc-section\" id=\"Ha_koll_pa_lagret\"><\/span><b>Ha koll p\u00e5 lagret<\/b><span class=\"ez-toc-section-end\"><\/span><\/h3><\/li>\n<\/ul>\n\n\n\n<p><span style=\"font-weight: 400;\">Slipp panikl\u00f6sningar! Planera ditt emballagebehov i tid och fyll p\u00e5 lagret innan det tar slut. Vi p\u00e5 RAJA hj\u00e4lper dig g\u00e4rna att hitta rutiner som g\u00f6r att du alltid \u00e4r redo n\u00e4r ordern ska iv\u00e4g.<\/span><\/p>\n\n\n\n<ul class=\"wp-block-list\">\n<li><h3><span class=\"ez-toc-section\" id=\"Emballera_smart_%E2%80%93_inte_mer\"><\/span><b>Emballera smart \u2013 inte mer<\/b><span class=\"ez-toc-section-end\"><\/span><\/h3><\/li>\n<\/ul>\n\n\n\n<p><span style=\"font-weight: 400;\">Mer tejp eller mer fyllnad betyder inte alltid mer skydd. Tv\u00e4rtom kan det kosta b\u00e5de tid och pengar i on\u00f6dan. Hitta en balans med r\u00e4tt material. L\u00e5t oss guida dig till den mest effektiva l\u00f6sningen.<\/span><\/p>\n\n\n\n<div class=\"wp-block-columns has-vivid-cyan-blue-color has-text-color has-link-color wp-elements-b1459b217625df106d0ef5d9fd92b47f is-layout-flex wp-container-core-columns-is-layout-1 wp-block-columns-is-layout-flex\">\n<div class=\"wp-block-column is-layout-flow wp-block-column-is-layout-flow\" style=\"flex-basis:100%\">\n<div class=\"wp-block-buttons is-content-justification-center is-layout-flex wp-container-core-buttons-is-layout-1 wp-block-buttons-is-layout-flex\">\n<div class=\"wp-block-button\"><a class=\"wp-block-button__link has-white-color has-text-color has-background has-link-color has-text-align-center wp-element-button\" href=\"https:\/\/www.rajapack.se\/vara-uppgifter_cms_000033.html\" style=\"background-color:#5916f6\">Kontakta v\u00e5ra emballagespecialister!<\/a><\/div>\n<\/div>\n<\/div>\n<\/div>\n\n\n\n<h2 class=\"wp-block-heading\"><span class=\"ez-toc-section\" id=\"Paketering_och_emballering_%E2%80%93_vad_ar_skillnaden\"><\/span><span style=\"font-weight: 400;\">Paketering och emballering \u2013 vad \u00e4r skillnaden?<\/span><span class=\"ez-toc-section-end\"><\/span><\/h2>\n\n\n\n<p><span style=\"font-weight: 400;\">Det \u00e4r l\u00e4tt att blanda ihop begreppen, men de fyller faktiskt olika roller.<\/span><\/p>\n\n\n\n<ul class=\"wp-block-list\">\n<li><b>Paketering<\/b><span style=\"font-weight: 400;\"> \u00e4r det kunden ser f\u00f6rst \u2013 en snygg ask, en designad p\u00e5se eller en kartong med tryck som lyfter fram ditt varum\u00e4rke. H\u00e4r handlar det om k\u00e4nsla, upplevelse och att g\u00f6ra produkten attraktiv.<\/span><\/li>\n\n\n\n<li><b>Emballering <\/b><span style=\"font-weight: 400;\">\u00e4r allt det som skyddar produkten under transport och lagring. Det \u00e4r kartongen, fyllnadsmaterialet, pallen eller str\u00e4ckfilmen som ser till att din produkt kommer fram, tryggt och helt.\u00a0<\/span><\/li>\n<\/ul>\n\n\n\n<p><b><i>Kom ih\u00e5g!<\/i><\/b><span style=\"font-weight: 400;\"> \u2013 hos RAJA finns vi alltid redo att guida dig till r\u00e4tt emballeringsl\u00f6sning \u2013 fr\u00e5n f\u00f6rsta funderingen till f\u00e4rdigt emballage.<\/span><\/p>\n\n\n\n<div class=\"wp-block-columns has-white-color has-text-color has-link-color wp-elements-0a42b6ebf5e276acc528cd4167151ad4 is-layout-flex wp-container-core-columns-is-layout-2 wp-block-columns-is-layout-flex\">\n<div class=\"wp-block-column is-layout-flow wp-block-column-is-layout-flow\" style=\"flex-basis:100%\">\n<div class=\"wp-block-buttons is-content-justification-center is-layout-flex wp-container-core-buttons-is-layout-2 wp-block-buttons-is-layout-flex\">\n<div class=\"wp-block-button is-style-outline is-style-outline--cd112b89c3e0f939234d5730bf0ed02c\"><a class=\"wp-block-button__link has-white-color has-text-color has-background has-link-color wp-element-button\" href=\"https:\/\/www.rajapack.se\/blog-se\/bubbelplast-vs-skumfolie\" style=\"background-color:#5916f6\">L\u00e4s \u00e4ven : Bubbelplast vs Skumfolie<\/a><\/div>\n<\/div>\n<\/div>\n<\/div>\n\n\n","protected":false},"excerpt":{"rendered":"<p>Kort sagt handlar emballage och emballering om allt du anv\u00e4nder f\u00f6r att packa, skydda och f\u00f6rbereda en produkt f\u00f6r transport. Men tittar man n\u00e4rmare p\u00e5 \u00e4mnet \u00f6ppnar det upp en [&#8230;]<\/p>\n","protected":false},"author":72,"featured_media":2447,"comment_status":"open","ping_status":"open","sticky":false,"template":"","format":"standard","meta":{"_acf_changed":false,"footnotes":"[]"},"categories":[23],"tags":[54,34,53,35,58,44],"class_list":["post-2416","post","type-post","status-publish","format-standard","has-post-thumbnail","hentry","category-emballage","tag-bubbelplast","tag-fyllnadsmaterial","tag-kartonger","tag-packtejp","tag-plastpasar","tag-strackfilm"],"acf":[],"yoast_head":"\n<title>Vad \u00e4r emballage och emballering? \u2013 Definition och tips<\/title>\n<meta name=\"description\" content=\"Emballage \u00e4r det du anv\u00e4nder f\u00f6r att packa, skydda och skicka produkter. L\u00e4r dig skillnaden mot emballering och paketering. L\u00e4s vidare f\u00f6r att l\u00e4ra dig mer!\" \/>\n<meta name=\"robots\" content=\"index, follow, max-snippet:-1, max-image-preview:large, max-video-preview:-1\" \/>\n<link rel=\"canonical\" href=\"https:\/\/www.rajapack.se\/blog-se\/vad-ar-emballage\" \/>\n<meta property=\"og:locale\" content=\"sv_SE\" \/>\n<meta property=\"og:type\" content=\"article\" \/>\n<meta property=\"og:title\" content=\"Vad \u00e4r emballage och emballering? \u2013 Definition och tips\" \/>\n<meta property=\"og:description\" content=\"Emballage \u00e4r det du anv\u00e4nder f\u00f6r att packa, skydda och skicka produkter. L\u00e4r dig skillnaden mot emballering och paketering. L\u00e4s vidare f\u00f6r att l\u00e4ra dig mer!\" \/>\n<meta property=\"og:url\" content=\"https:\/\/www.rajapack.se\/blog-se\/vad-ar-emballage\" \/>\n<meta property=\"og:site_name\" content=\"Rajapack-bloggen\" \/>\n<meta property=\"article:publisher\" content=\"https:\/\/www.facebook.com\/rajasverige\" \/>\n<meta property=\"article:published_time\" content=\"2023-09-22T08:40:10+00:00\" \/>\n<meta property=\"article:modified_time\" content=\"2025-10-02T08:19:14+00:00\" \/>\n<meta property=\"og:image\" content=\"https:\/\/www.rajapack.se\/blog-se\/wp-content\/uploads\/2023\/09\/EMBALLAGE.jpg\" \/>\n\t<meta property=\"og:image:width\" content=\"2000\" \/>\n\t<meta property=\"og:image:height\" content=\"2000\" \/>\n\t<meta property=\"og:image:type\" content=\"image\/jpeg\" \/>\n<meta name=\"author\" content=\"Margaretha Nordenberg\" \/>\n<meta name=\"twitter:card\" content=\"summary_large_image\" \/>\n<meta name=\"twitter:label1\" content=\"Skriven av\" \/>\n\t<meta name=\"twitter:data1\" content=\"Margaretha Nordenberg\" \/>\n\t<meta name=\"twitter:label2\" content=\"Ber\u00e4knad l\u00e4stid\" \/>\n\t<meta name=\"twitter:data2\" content=\"5 minuter\" \/>\n<script type=\"application\/ld+json\" class=\"yoast-schema-graph\">{\n\t    \"@context\": \"https:\/\/schema.org\",\n\t    \"@graph\": [\n\t        {\n\t            \"@type\": \"Article\",\n\t            \"@id\": \"https:\/\/www.rajapack.se\/blog-se\/vad-ar-emballage#article\",\n\t            \"isPartOf\": {\n\t                \"@id\": \"https:\/\/www.rajapack.se\/blog-se\/vad-ar-emballage\"\n\t            },\n\t            \"author\": {\n\t                \"name\": \"Margaretha Nordenberg\",\n\t                \"@id\": \"https:\/\/www.rajapack.se\/blog-se\/#\/schema\/person\/431a75f56d07df2ef02822b6f88bdcb2\"\n\t            },\n\t            \"headline\": \"Vad \u00e4r emballage och emballering? \u2013 Definition och tips\",\n\t            \"datePublished\": \"2023-09-22T08:40:10+00:00\",\n\t            \"dateModified\": \"2025-10-02T08:19:14+00:00\",\n\t            \"mainEntityOfPage\": {\n\t                \"@id\": \"https:\/\/www.rajapack.se\/blog-se\/vad-ar-emballage\"\n\t            },\n\t            \"wordCount\": 1054,\n\t            \"commentCount\": 0,\n\t            \"publisher\": {\n\t                \"@id\": \"https:\/\/www.rajapack.se\/blog-se\/#organization\"\n\t            },\n\t            \"image\": {\n\t                \"@id\": \"https:\/\/www.rajapack.se\/blog-se\/vad-ar-emballage#primaryimage\"\n\t            },\n\t            \"thumbnailUrl\": \"https:\/\/www.rajapack.se\/blog-se\/wp-content\/uploads\/2023\/09\/EMBALLAGE.jpg\",\n\t            \"keywords\": [\n\t                \"bubbelplast\",\n\t                \"fyllnadsmaterial\",\n\t                \"kartonger\",\n\t                \"packtejp\",\n\t                \"plastp\u00e5sar\",\n\t                \"str\u00e4ckfilm\"\n\t            ],\n\t            \"articleSection\": [\n\t                \"Emballage och f\u00f6rpackningar\"\n\t            ],\n\t            \"inLanguage\": \"sv-SE\",\n\t            \"potentialAction\": [\n\t                {\n\t                    \"@type\": \"CommentAction\",\n\t                    \"name\": \"Comment\",\n\t                    \"target\": [\n\t                        \"https:\/\/www.rajapack.se\/blog-se\/vad-ar-emballage#respond\"\n\t                    ]\n\t                }\n\t            ]\n\t        },\n\t        {\n\t            \"@type\": \"WebPage\",\n\t            \"@id\": \"https:\/\/www.rajapack.se\/blog-se\/vad-ar-emballage\",\n\t            \"url\": \"https:\/\/www.rajapack.se\/blog-se\/vad-ar-emballage\",\n\t            \"name\": \"Vad \u00e4r emballage och emballering? \u2013 Definition och tips\",\n\t            \"isPartOf\": {\n\t                \"@id\": \"https:\/\/www.rajapack.se\/blog-se\/#website\"\n\t            },\n\t            \"primaryImageOfPage\": {\n\t                \"@id\": \"https:\/\/www.rajapack.se\/blog-se\/vad-ar-emballage#primaryimage\"\n\t            },\n\t            \"image\": {\n\t                \"@id\": \"https:\/\/www.rajapack.se\/blog-se\/vad-ar-emballage#primaryimage\"\n\t            },\n\t            \"thumbnailUrl\": \"https:\/\/www.rajapack.se\/blog-se\/wp-content\/uploads\/2023\/09\/EMBALLAGE.jpg\",\n\t            \"datePublished\": \"2023-09-22T08:40:10+00:00\",\n\t            \"dateModified\": \"2025-10-02T08:19:14+00:00\",\n\t            \"description\": \"Emballage \u00e4r det du anv\u00e4nder f\u00f6r att packa, skydda och skicka produkter. L\u00e4r dig skillnaden mot emballering och paketering. L\u00e4s vidare f\u00f6r att l\u00e4ra dig mer!\",\n\t            \"inLanguage\": \"sv-SE\",\n\t            \"potentialAction\": [\n\t                {\n\t                    \"@type\": \"ReadAction\",\n\t                    \"target\": [\n\t                        \"https:\/\/www.rajapack.se\/blog-se\/vad-ar-emballage\"\n\t                    ]\n\t                }\n\t            ]\n\t        },\n\t        {\n\t            \"@type\": \"ImageObject\",\n\t            \"inLanguage\": \"sv-SE\",\n\t            \"@id\": \"https:\/\/www.rajapack.se\/blog-se\/vad-ar-emballage#primaryimage\",\n\t            \"url\": \"https:\/\/www.rajapack.se\/blog-se\/wp-content\/uploads\/2023\/09\/EMBALLAGE.jpg\",\n\t            \"contentUrl\": \"https:\/\/www.rajapack.se\/blog-se\/wp-content\/uploads\/2023\/09\/EMBALLAGE.jpg\",\n\t            \"width\": 2000,\n\t            \"height\": 2000,\n\t            \"caption\": \"Emballage\"\n\t        },\n\t        {\n\t            \"@type\": \"WebSite\",\n\t            \"@id\": \"https:\/\/www.rajapack.se\/blog-se\/#website\",\n\t            \"url\": \"https:\/\/www.rajapack.se\/blog-se\/\",\n\t            \"name\": \"Rajapack-bloggen\",\n\t            \"description\": \"GUIDER OCH TIPS OM EMBALLAGE,E-HANDEL OCH MILJ\u00d6\",\n\t            \"publisher\": {\n\t                \"@id\": \"https:\/\/www.rajapack.se\/blog-se\/#organization\"\n\t            },\n\t            \"potentialAction\": [\n\t                {\n\t                    \"@type\": \"SearchAction\",\n\t                    \"target\": {\n\t                        \"@type\": \"EntryPoint\",\n\t                        \"urlTemplate\": \"https:\/\/www.rajapack.se\/blog-se\/?s={search_term_string}\"\n\t                    },\n\t                    \"query-input\": \"required name=search_term_string\"\n\t                }\n\t            ],\n\t            \"inLanguage\": \"sv-SE\"\n\t        },\n\t        {\n\t            \"@type\": \"Organization\",\n\t            \"@id\": \"https:\/\/www.rajapack.se\/blog-se\/#organization\",\n\t            \"name\": \"Rajapack-bloggen\",\n\t            \"url\": \"https:\/\/www.rajapack.se\/blog-se\/\",\n\t            \"logo\": {\n\t                \"@type\": \"ImageObject\",\n\t                \"inLanguage\": \"sv-SE\",\n\t                \"@id\": \"https:\/\/www.rajapack.se\/blog-se\/#\/schema\/logo\/image\/\",\n\t                \"url\": \"https:\/\/www.rajapack.se\/blog-se\/wp-content\/uploads\/2021\/02\/SE-blog-logo.png\",\n\t                \"contentUrl\": \"https:\/\/www.rajapack.se\/blog-se\/wp-content\/uploads\/2021\/02\/SE-blog-logo.png\",\n\t                \"width\": 572,\n\t                \"height\": 119,\n\t                \"caption\": \"Rajapack-bloggen\"\n\t            },\n\t            \"image\": {\n\t                \"@id\": \"https:\/\/www.rajapack.se\/blog-se\/#\/schema\/logo\/image\/\"\n\t            },\n\t            \"sameAs\": [\n\t                \"https:\/\/www.facebook.com\/rajasverige\",\n\t                \"https:\/\/www.instagram.com\/rajasverige\/\",\n\t                \"https:\/\/www.linkedin.com\/company\/rajapackse\",\n\t                \"https:\/\/www.youtube.com\/channel\/UC_sOZj9z04xqu4BjveO_bKw\"\n\t            ]\n\t        },\n\t        {\n\t            \"@type\": \"Person\",\n\t            \"@id\": \"https:\/\/www.rajapack.se\/blog-se\/#\/schema\/person\/431a75f56d07df2ef02822b6f88bdcb2\",\n\t            \"name\": \"Margaretha Nordenberg\",\n\t            \"image\": {\n\t                \"@type\": \"ImageObject\",\n\t                \"inLanguage\": \"sv-SE\",\n\t                \"@id\": \"https:\/\/www.rajapack.se\/blog-se\/#\/schema\/person\/image\/\",\n\t                \"url\": \"https:\/\/secure.gravatar.com\/avatar\/e88e561c73462fa452f63c768de97b94?s=96&d=mm&r=g\",\n\t                \"contentUrl\": \"https:\/\/secure.gravatar.com\/avatar\/e88e561c73462fa452f63c768de97b94?s=96&d=mm&r=g\",\n\t                \"caption\": \"Margaretha Nordenberg\"\n\t            },\n\t            \"url\": \"https:\/\/www.rajapack.se\/blog-se\/author\/margaretha\"\n\t        }\n\t    ]\n\t}<\/script>\n","yoast_head_json":{"title":"Vad \u00e4r emballage och emballering? \u2013 Definition och tips","description":"Emballage \u00e4r det du anv\u00e4nder f\u00f6r att packa, skydda och skicka produkter. L\u00e4r dig skillnaden mot emballering och paketering. L\u00e4s vidare f\u00f6r att l\u00e4ra dig mer!","robots":{"index":"index","follow":"follow","max-snippet":"max-snippet:-1","max-image-preview":"max-image-preview:large","max-video-preview":"max-video-preview:-1"},"canonical":"https:\/\/www.rajapack.se\/blog-se\/vad-ar-emballage","og_locale":"sv_SE","og_type":"article","og_title":"Vad \u00e4r emballage och emballering? \u2013 Definition och tips","og_description":"Emballage \u00e4r det du anv\u00e4nder f\u00f6r att packa, skydda och skicka produkter. L\u00e4r dig skillnaden mot emballering och paketering. L\u00e4s vidare f\u00f6r att l\u00e4ra dig mer!","og_url":"https:\/\/www.rajapack.se\/blog-se\/vad-ar-emballage","og_site_name":"Rajapack-bloggen","article_publisher":"https:\/\/www.facebook.com\/rajasverige","article_published_time":"2023-09-22T08:40:10+00:00","article_modified_time":"2025-10-02T08:19:14+00:00","og_image":[{"width":2000,"height":2000,"url":"https:\/\/www.rajapack.se\/blog-se\/wp-content\/uploads\/2023\/09\/EMBALLAGE.jpg","type":"image\/jpeg"}],"author":"Margaretha Nordenberg","twitter_card":"summary_large_image","twitter_misc":{"Skriven av":"Margaretha Nordenberg","Ber\u00e4knad l\u00e4stid":"5 minuter"},"schema":{"@context":"https:\/\/schema.org","@graph":[{"@type":"Article","@id":"https:\/\/www.rajapack.se\/blog-se\/vad-ar-emballage#article","isPartOf":{"@id":"https:\/\/www.rajapack.se\/blog-se\/vad-ar-emballage"},"author":{"name":"Margaretha Nordenberg","@id":"https:\/\/www.rajapack.se\/blog-se\/#\/schema\/person\/431a75f56d07df2ef02822b6f88bdcb2"},"headline":"Vad \u00e4r emballage och emballering? \u2013 Definition och tips","datePublished":"2023-09-22T08:40:10+00:00","dateModified":"2025-10-02T08:19:14+00:00","mainEntityOfPage":{"@id":"https:\/\/www.rajapack.se\/blog-se\/vad-ar-emballage"},"wordCount":1054,"commentCount":0,"publisher":{"@id":"https:\/\/www.rajapack.se\/blog-se\/#organization"},"image":{"@id":"https:\/\/www.rajapack.se\/blog-se\/vad-ar-emballage#primaryimage"},"thumbnailUrl":"https:\/\/www.rajapack.se\/blog-se\/wp-content\/uploads\/2023\/09\/EMBALLAGE.jpg","keywords":["bubbelplast","fyllnadsmaterial","kartonger","packtejp","plastp\u00e5sar","str\u00e4ckfilm"],"articleSection":["Emballage och f\u00f6rpackningar"],"inLanguage":"sv-SE","potentialAction":[{"@type":"CommentAction","name":"Comment","target":["https:\/\/www.rajapack.se\/blog-se\/vad-ar-emballage#respond"]}]},{"@type":"WebPage","@id":"https:\/\/www.rajapack.se\/blog-se\/vad-ar-emballage","url":"https:\/\/www.rajapack.se\/blog-se\/vad-ar-emballage","name":"Vad \u00e4r emballage och emballering? \u2013 Definition och tips","isPartOf":{"@id":"https:\/\/www.rajapack.se\/blog-se\/#website"},"primaryImageOfPage":{"@id":"https:\/\/www.rajapack.se\/blog-se\/vad-ar-emballage#primaryimage"},"image":{"@id":"https:\/\/www.rajapack.se\/blog-se\/vad-ar-emballage#primaryimage"},"thumbnailUrl":"https:\/\/www.rajapack.se\/blog-se\/wp-content\/uploads\/2023\/09\/EMBALLAGE.jpg","datePublished":"2023-09-22T08:40:10+00:00","dateModified":"2025-10-02T08:19:14+00:00","description":"Emballage \u00e4r det du anv\u00e4nder f\u00f6r att packa, skydda och skicka produkter. L\u00e4r dig skillnaden mot emballering och paketering. L\u00e4s vidare f\u00f6r att l\u00e4ra dig mer!","inLanguage":"sv-SE","potentialAction":[{"@type":"ReadAction","target":["https:\/\/www.rajapack.se\/blog-se\/vad-ar-emballage"]}]},{"@type":"ImageObject","inLanguage":"sv-SE","@id":"https:\/\/www.rajapack.se\/blog-se\/vad-ar-emballage#primaryimage","url":"https:\/\/www.rajapack.se\/blog-se\/wp-content\/uploads\/2023\/09\/EMBALLAGE.jpg","contentUrl":"https:\/\/www.rajapack.se\/blog-se\/wp-content\/uploads\/2023\/09\/EMBALLAGE.jpg","width":2000,"height":2000,"caption":"Emballage"},{"@type":"WebSite","@id":"https:\/\/www.rajapack.se\/blog-se\/#website","url":"https:\/\/www.rajapack.se\/blog-se\/","name":"Rajapack-bloggen","description":"GUIDER OCH TIPS OM EMBALLAGE,E-HANDEL OCH MILJ\u00d6","publisher":{"@id":"https:\/\/www.rajapack.se\/blog-se\/#organization"},"potentialAction":[{"@type":"SearchAction","target":{"@type":"EntryPoint","urlTemplate":"https:\/\/www.rajapack.se\/blog-se\/?s={search_term_string}"},"query-input":"required name=search_term_string"}],"inLanguage":"sv-SE"},{"@type":"Organization","@id":"https:\/\/www.rajapack.se\/blog-se\/#organization","name":"Rajapack-bloggen","url":"https:\/\/www.rajapack.se\/blog-se\/","logo":{"@type":"ImageObject","inLanguage":"sv-SE","@id":"https:\/\/www.rajapack.se\/blog-se\/#\/schema\/logo\/image\/","url":"https:\/\/www.rajapack.se\/blog-se\/wp-content\/uploads\/2021\/02\/SE-blog-logo.png","contentUrl":"https:\/\/www.rajapack.se\/blog-se\/wp-content\/uploads\/2021\/02\/SE-blog-logo.png","width":572,"height":119,"caption":"Rajapack-bloggen"},"image":{"@id":"https:\/\/www.rajapack.se\/blog-se\/#\/schema\/logo\/image\/"},"sameAs":["https:\/\/www.facebook.com\/rajasverige","https:\/\/www.instagram.com\/rajasverige\/","https:\/\/www.linkedin.com\/company\/rajapackse","https:\/\/www.youtube.com\/channel\/UC_sOZj9z04xqu4BjveO_bKw"]},{"@type":"Person","@id":"https:\/\/www.rajapack.se\/blog-se\/#\/schema\/person\/431a75f56d07df2ef02822b6f88bdcb2","name":"Margaretha Nordenberg","image":{"@type":"ImageObject","inLanguage":"sv-SE","@id":"https:\/\/www.rajapack.se\/blog-se\/#\/schema\/person\/image\/","url":"https:\/\/secure.gravatar.com\/avatar\/e88e561c73462fa452f63c768de97b94?s=96&d=mm&r=g","contentUrl":"https:\/\/secure.gravatar.com\/avatar\/e88e561c73462fa452f63c768de97b94?s=96&d=mm&r=g","caption":"Margaretha Nordenberg"},"url":"https:\/\/www.rajapack.se\/blog-se\/author\/margaretha"}]}},"_links":{"self":[{"href":"https:\/\/www.rajapack.se\/blog-se\/wp-json\/wp\/v2\/posts\/2416"}],"collection":[{"href":"https:\/\/www.rajapack.se\/blog-se\/wp-json\/wp\/v2\/posts"}],"about":[{"href":"https:\/\/www.rajapack.se\/blog-se\/wp-json\/wp\/v2\/types\/post"}],"author":[{"embeddable":true,"href":"https:\/\/www.rajapack.se\/blog-se\/wp-json\/wp\/v2\/users\/72"}],"replies":[{"embeddable":true,"href":"https:\/\/www.rajapack.se\/blog-se\/wp-json\/wp\/v2\/comments?post=2416"}],"version-history":[{"count":4,"href":"https:\/\/www.rajapack.se\/blog-se\/wp-json\/wp\/v2\/posts\/2416\/revisions"}],"predecessor-version":[{"id":2906,"href":"https:\/\/www.rajapack.se\/blog-se\/wp-json\/wp\/v2\/posts\/2416\/revisions\/2906"}],"wp:featuredmedia":[{"embeddable":true,"href":"https:\/\/www.rajapack.se\/blog-se\/wp-json\/wp\/v2\/media\/2447"}],"wp:attachment":[{"href":"https:\/\/www.rajapack.se\/blog-se\/wp-json\/wp\/v2\/media?parent=2416"}],"wp:term":[{"taxonomy":"category","embeddable":true,"href":"https:\/\/www.rajapack.se\/blog-se\/wp-json\/wp\/v2\/categories?post=2416"},{"taxonomy":"post_tag","embeddable":true,"href":"https:\/\/www.rajapack.se\/blog-se\/wp-json\/wp\/v2\/tags?post=2416"}],"curies":[{"name":"wp","href":"https:\/\/api.w.org\/{rel}","templated":true}]}}