{"id":2582,"date":"2024-08-20T07:16:30","date_gmt":"2024-08-20T06:16:30","guid":{"rendered":"https:\/\/www.rajapack.se\/blog-se\/?p=2582"},"modified":"2024-08-20T07:16:30","modified_gmt":"2024-08-20T06:16:30","slug":"skydda-dina-varor","status":"publish","type":"post","link":"https:\/\/www.rajapack.se\/blog-se\/skydda-dina-varor","title":{"rendered":"Vilket skyddsmaterial \u00e4r b\u00e4st f\u00f6r dina varor?"},"content":{"rendered":"<p>Alla e-handlare \u00e4r medvetna om att det \u00e4r viktigt att skydda sina paket. Det finns alltid en risk att paketet g\u00e5r s\u00f6nder eller \u00f6ppnas under transporten. Detta g\u00e4ller s\u00e4rskilt f\u00f6r \u00f6mt\u00e5liga eller tunga produkter, som kan uts\u00e4ttas f\u00f6r h\u00e5rda p\u00e5frestningar innan de n\u00e5r sin mottagare. D\u00e4rf\u00f6r \u00e4r det viktigt att anv\u00e4nda ett effektivt skyddsmaterial f\u00f6r att s\u00e4kerst\u00e4lla att kunderna f\u00e5r sina varor.<\/p>\n<p>Kraftpapper, bubbelplast eller wellpapp: vilket typ av skyddsmaterial ska du v\u00e4lja f\u00f6r dina paket? RAJA ger dig svaren i den h\u00e4r artikeln.<\/p>\n<p>De viktigaste skyddande f\u00f6rpackningarna f\u00f6r dina paket<br \/>\nDet finns ett brett urval av skyddsemballage som passar dina produkter. D\u00e4mpande material hj\u00e4lper till att skydda dina varor och f\u00f6rb\u00e4ttra kundupplevelsen. V\u00e4l valda kan de ocks\u00e5 f\u00f6rb\u00e4ttra produktiviteten i din f\u00f6rpackningslinje.<\/p>\n<div id=\"ez-toc-container\" class=\"ez-toc-v2_0_67_1 counter-hierarchy ez-toc-counter ez-toc-grey ez-toc-container-direction\">\n<div class=\"ez-toc-title-container\">\n<p class=\"ez-toc-title \" >Table of Contents<\/p>\n<span class=\"ez-toc-title-toggle\"><a href=\"#\" class=\"ez-toc-pull-right ez-toc-btn ez-toc-btn-xs ez-toc-btn-default ez-toc-toggle\" aria-label=\"Toggle Table of Content\"><span class=\"ez-toc-js-icon-con\"><span class=\"\"><span class=\"eztoc-hide\" style=\"display:none;\">Toggle<\/span><span class=\"ez-toc-icon-toggle-span\"><svg style=\"fill: #999;color:#999\" xmlns=\"http:\/\/www.w3.org\/2000\/svg\" class=\"list-377408\" width=\"20px\" height=\"20px\" viewBox=\"0 0 24 24\" fill=\"none\"><path d=\"M6 6H4v2h2V6zm14 0H8v2h12V6zM4 11h2v2H4v-2zm16 0H8v2h12v-2zM4 16h2v2H4v-2zm16 0H8v2h12v-2z\" fill=\"currentColor\"><\/path><\/svg><svg style=\"fill: #999;color:#999\" class=\"arrow-unsorted-368013\" xmlns=\"http:\/\/www.w3.org\/2000\/svg\" width=\"10px\" height=\"10px\" viewBox=\"0 0 24 24\" version=\"1.2\" baseProfile=\"tiny\"><path d=\"M18.2 9.3l-6.2-6.3-6.2 6.3c-.2.2-.3.4-.3.7s.1.5.3.7c.2.2.4.3.7.3h11c.3 0 .5-.1.7-.3.2-.2.3-.5.3-.7s-.1-.5-.3-.7zM5.8 14.7l6.2 6.3 6.2-6.3c.2-.2.3-.5.3-.7s-.1-.5-.3-.7c-.2-.2-.4-.3-.7-.3h-11c-.3 0-.5.1-.7.3-.2.2-.3.5-.3.7s.1.5.3.7z\"\/><\/svg><\/span><\/span><\/span><\/a><\/span><\/div>\n<nav><ul class='ez-toc-list ez-toc-list-level-1 ' ><li class='ez-toc-page-1 ez-toc-heading-level-2'><a class=\"ez-toc-link ez-toc-heading-1\" href=\"https:\/\/www.rajapack.se\/blog-se\/skydda-dina-varor\/#De_vanligaste_dampningsmaterialen\" title=\"De vanligaste d\u00e4mpningsmaterialen\">De vanligaste d\u00e4mpningsmaterialen<\/a><\/li><li class='ez-toc-page-1 ez-toc-heading-level-2'><a class=\"ez-toc-link ez-toc-heading-2\" href=\"https:\/\/www.rajapack.se\/blog-se\/skydda-dina-varor\/#Forpackning_med_integrerat_skydd\" title=\"F\u00f6rpackning med integrerat skydd\">F\u00f6rpackning med integrerat skydd<\/a><\/li><li class='ez-toc-page-1 ez-toc-heading-level-2'><a class=\"ez-toc-link ez-toc-heading-3\" href=\"https:\/\/www.rajapack.se\/blog-se\/skydda-dina-varor\/#Miljovanliga_skyddsmaterial\" title=\"Milj\u00f6v\u00e4nliga skyddsmaterial\">Milj\u00f6v\u00e4nliga skyddsmaterial<\/a><\/li><\/ul><\/nav><\/div>\n<h2><span class=\"ez-toc-section\" id=\"De_vanligaste_dampningsmaterialen\"><\/span>De vanligaste d\u00e4mpningsmaterialen<span class=\"ez-toc-section-end\"><\/span><\/h2>\n<p>N\u00e5gra av de mest popul\u00e4ra skyddande f\u00f6rpackningsmaterialen f\u00f6r dina varor \u00e4r :<div class=\"su-table su-table-alternate\"><\/div>\u200b<\/p>\n<table>\n<tbody>\n<tr>\n<td><img loading=\"lazy\" decoding=\"async\" class=\" wp-image-2377 alignleft\" src=\"https:\/\/www.rajapack.se\/blog-se\/wp-content\/uploads\/2023\/07\/M_BFR75_S_SE-300x300.jpg\" alt=\"bubbelplast\" width=\"238\" height=\"238\" \/><\/p>\n<p><strong><a href=\"https:\/\/www.rajapack.se\/fyllnads-och-skyddsmaterial\/bubbelplast_C1612.html\">Bubbelplast:<\/a> <\/strong>materialet anv\u00e4nds i allm\u00e4nhet f\u00f6r att individuellt f\u00f6rpacka olika produkter i ett paket. Det anv\u00e4nds ocks\u00e5 f\u00f6r att fylla tomrum. Bubbelplast f<span style=\"font-family: inherit; font-size: inherit;\">inns i olika tjocklekar f\u00f6r att passa alla behov. Tack vare sina tusentals luftbubblor \u00e4r den st\u00f6ts\u00e4ker och ger ett optimalt skydd f\u00f6r dina \u00f6mt\u00e5ligaste produkter.<\/span><\/td>\n<\/tr>\n<\/tbody>\n<\/table>\n<div class=\"su-table su-table-alternate\">\n<\/div>\u200b<\/p>\n<table>\n<tbody>\n<tr>\n<td><img loading=\"lazy\" decoding=\"async\" class=\"alignleft\" style=\"font-family: inherit; font-size: inherit;\" src=\"https:\/\/raja.scene7.com\/is\/image\/Raja\/products\/kraftpapper-raja-standardkvalitet-60-g_OFF_NO_0496.jpg?image=M_KP75_R_G4_0111_NO$default$&amp;hei=410&amp;wid=410&amp;fmt=jpg&amp;qlt=85,0&amp;resMode=sharp2&amp;op_usm=1.75,0.3,2,0\" alt=\"Kraftpapper RAJA - standardkvalitet 60 g\/m\u00b2 - 2\" width=\"255\" height=\"255\" \/><\/p>\n<p><strong><a href=\"https:\/\/www.rajapack.se\/fyllnads-och-skyddsmaterial\/pappersskydd\/kraftpapper\/kraftpapper-standardkvalitet-60-gm-3-rullar-per-forpackning_OFF_NO_0496.html\">K<\/a><a href=\"https:\/\/www.rajapack.se\/fyllnads-och-skyddsmaterial\/pappersskydd\/kraftpapper\/kraftpapper-standardkvalitet-60-gm-3-rullar-per-forpackning_OFF_NO_0496.html\">r<\/a><a href=\"https:\/\/www.rajapack.se\/fyllnads-och-skyddsmaterial\/pappersskydd\/kraftpapper\/kraftpapper-standardkvalitet-60-gm-3-rullar-per-forpackning_OFF_NO_0496.html\">af<\/a><a href=\"https:\/\/www.rajapack.se\/fyllnads-och-skyddsmaterial\/pappersskydd\/kraftpapper\/kraftpapper-standardkvalitet-60-gm-3-rullar-per-forpackning_OFF_NO_0496.html\">tpa<\/a><a href=\"https:\/\/www.rajapack.se\/fyllnads-och-skyddsmaterial\/pappersskydd\/kraftpapper\/kraftpapper-standardkvalitet-60-gm-3-rullar-per-forpackning_OFF_NO_0496.html\">pp<\/a><a href=\"https:\/\/www.rajapack.se\/fyllnads-och-skyddsmaterial\/pappersskydd\/kraftpapper\/kraftpapper-standardkvalitet-60-gm-3-rullar-per-forpackning_OFF_NO_0496.html\">er:<\/a><\/strong>milj\u00f6v\u00e4nligare, skyddande och p\u00e5litligt. Denna produkt kommer i form av rullar och kan sk\u00e4ras efter dina behov. Den kan fungera som f\u00f6rpackning f\u00f6r dina produkter, men kan ocks\u00e5 enkelt anv\u00e4ndas som stoppning inuti paketet. F\u00f6rdelen med kraftpapper \u00e4r att det kan skr\u00e4ddarsus, t.ex. n\u00e4r det g\u00e4ller f\u00e4rg\u00a0och logotryck. F\u00f6r att skydda dina produkter optimalt ska du v\u00e4lja en pappersvikt som \u00e4r anpassad till varornas vikt. P\u00e5 RAJA erbjuder vi 40 g\/m\u00b2, 60 g\/m\u00b2 och 100 g\/m\u00b2.<\/td>\n<\/tr>\n<\/tbody>\n<\/table>\n<div class=\"su-table su-table-alternate\">\n<\/div>\u200b<\/p>\n<table>\n<tbody>\n<tr>\n<td><img loading=\"lazy\" decoding=\"async\" class=\"alignleft\" src=\"https:\/\/raja.scene7.com\/is\/image\/Raja\/products\/luftfyllnadssystem-air-1-och-air-2-raja_OFF_NO_09232.jpg?image=M_RAJAAIR1_AIRBIO1_FRD_FR$default$&amp;hei=410&amp;wid=410&amp;fmt=jpg&amp;qlt=85,0&amp;resMode=sharp2&amp;op_usm=1.75,0.3,2,0\" alt=\"Luftfyllnadssystem AIR 1 och AIR 2 RAJA - 3\" width=\"275\" height=\"275\" \/><\/p>\n<p><strong><a href=\"https:\/\/www.rajapack.se\/forpackningsmaskiner-och-tillbehor\/luftkuddemaskiner-och-film\/luftkuddemaskiner\/air-maskin_OFF_NO_09232.html\">Luftfyllnadssystem:<\/a><\/strong> Fyll egna kuddar av plastfilm, \u00e5tervunnen plastfilm, biologiskt nedbrytbar fil eller film med luftkuddar av papper.\u00a0 Denna typ av produkt best\u00e5r 99% av luft vilket genererar lite avfall och v\u00e4ger c\u00e4ldigt lite, vilket \u00e4r en stor f\u00f6rdel n\u00e4r det g\u00e4ller att frakta dina paket. Luftkuddarna \u00e4r l\u00e4tta att anv\u00e4nda och ger optimalt skydd f\u00f6r dina produkter under transport.<\/td>\n<\/tr>\n<\/tbody>\n<\/table>\n<p>&nbsp;<\/p>\n<h2><span class=\"ez-toc-section\" id=\"Forpackning_med_integrerat_skydd\"><\/span>F\u00f6rpackning med integrerat skydd<span class=\"ez-toc-section-end\"><\/span><\/h2>\n<p>Innovationerna inom f\u00f6rpackningssektorn har varit m\u00e5nga under de senaste \u00e5ren. Nu finns det f\u00f6rpackningar med integrerad d\u00e4mpning. Dessa produkter erbjuder ett antal f\u00f6rdelar, bland annat.<\/p>\n<ul>\n<li>Snabbare orderplockning<\/li>\n<li>B\u00e4ttre presentation av dina produkter<\/li>\n<li>Optimalt skydd av varorna under transport<\/li>\n<\/ul>\n<p>F\u00f6rpackningar med integrerat skydd finns i en m\u00e4ngd olika format. F\u00f6r att s\u00e4kerst\u00e4lla att dina varor \u00e4r v\u00e4l skyddade kan du till exempel v\u00e4lja:<div class=\"su-table su-table-alternate\"><\/div>\u200b<\/p>\n<table>\n<tbody>\n<tr>\n<td><img loading=\"lazy\" decoding=\"async\" class=\"alignleft\" src=\"https:\/\/raja.scene7.com\/is\/image\/Raja\/products\/bruna-stansade-dor-med-skuminl-gg-raja_OFF_NO_0017.jpg?template=withpicto410&amp;$image=M_RPM34P_A_FR&amp;$picto=NoPicto&amp;hei=410&amp;wid=410&amp;fmt=jpg&amp;qlt=85,0&amp;resMode=sharp2&amp;op_usm=1.75,0.3,2,0\" alt=\"Bruna stansade l\u00e5dor med skuminl\u00e4gg RAJA - 1\" width=\"270\" height=\"270\" \/><span style=\"font-family: inherit; font-size: inherit;\"><strong><a href=\"https:\/\/www.rajapack.se\/lador-kartonger-och-wellcontainrar\/stansade-lador\/stansade-lador-med-skuminlagg_C101116.html\">L\u00e5dor, fodral, kartonger och l\u00e5dor med integrerat skydd:<\/a> <\/strong>Dessa skyddande f\u00f6rpackningar kan inneh\u00e5lla st\u00f6ts\u00e4kert skyddande skum, plastfilmd\u00e4mpning eller kartong f\u00f6r att h\u00e5lla produkten och skydda den fr\u00e5n st\u00f6tar och vibrationer.\u00a0<\/span><\/td>\n<\/tr>\n<\/tbody>\n<\/table>\n<div class=\"su-table su-table-alternate\">\n<\/div>\u200b<\/p>\n<table>\n<tbody>\n<tr>\n<td><img loading=\"lazy\" decoding=\"async\" class=\"alignleft\" src=\"https:\/\/raja.scene7.com\/is\/image\/Raja\/products\/bubbelkuvert-100-av-papper_OFF_NO_09801.jpg?image=M_PMPB3B_PACKSHOT_01$default$&amp;hei=410&amp;wid=410&amp;fmt=jpg&amp;qlt=85,0&amp;resMode=sharp2&amp;op_usm=1.75,0.3,2,0\" alt=\"Bubbelkuvert 100% av papper - 5\" width=\"295\" height=\"295\" \/><strong><a href=\"https:\/\/www.rajapack.se\/kuvert-och-papptuber\/vadderade-kuvert_C1216.html\">Vadderade kuvert:<\/a><\/strong> Finns i plast, papper och med skum. F\u00f6r verksamheter som till exempel e-handelsf\u00f6retag d\u00e4r olika typer av mer eller mindre \u00f6mt\u00e5liga produkter skickas ut till kunderna \u00e4r dessa vadderade kuvert b\u00e5de en h\u00e5llbar och s\u00e4ker l\u00f6sning. Eftersom att du bara beh\u00f6ver anv\u00e4nda en produkt f\u00f6r att skicka din produkt \u00e4r det ocks\u00e5 ett ekonomiskt val.<\/td>\n<\/tr>\n<\/tbody>\n<\/table>\n<h2><\/h2>\n<p>&nbsp;<\/p>\n<h2><span class=\"ez-toc-section\" id=\"Miljovanliga_skyddsmaterial\"><\/span>Milj\u00f6v\u00e4nliga skyddsmaterial<span class=\"ez-toc-section-end\"><\/span><\/h2>\n<p>Konsumenterna blir alltmer medvetna om behovet av att ha en s\u00e5 liten milj\u00f6p\u00e5verkan som m\u00f6jligt. F\u00f6rpackningssektorn utvecklas d\u00e4rf\u00f6r st\u00e4ndigt f\u00f6r att m\u00f6ta kraven. P\u00e5 RAJA \u00e4r vi glada att vara ett av de f\u00f6retag som erbjuder milj\u00f6medvetna beslut f\u00f6rst p\u00e5 marknaden. I en tid n\u00e4r konsumtionen tenderar att bli mer milj\u00f6medveten har du s\u00e4kert funderat p\u00e5 att v\u00e4lja skyddsf\u00f6rpackningar som \u00e4r b\u00e4ttre f\u00f6r planeten? H\u00e4r \u00e4r en \u00f6versikt \u00f6ver n\u00e5gra av produkterna som finns p\u00e5 marknaden.<div class=\"su-table su-table-alternate\"><\/div>\u200b<\/p>\n<table>\n<tbody>\n<tr>\n<td><img loading=\"lazy\" decoding=\"async\" class=\"alignleft\" src=\"https:\/\/raja.scene7.com\/is\/image\/Raja\/products\/bubbelfolie-av-kraftpapper-raja_OFF_NO_09705.jpg?template=withpicto410&amp;$image=M_BULP50_BULP100_G_GR&amp;$picto=NoPicto&amp;hei=410&amp;wid=410&amp;fmt=jpg&amp;qlt=85,0&amp;resMode=sharp2&amp;op_usm=1.75,0.3,2,0\" alt=\"Bubbelfolie av kraftpapper RAJA - 1\" width=\"242\" height=\"242\" \/><a href=\"https:\/\/www.rajapack.se\/fyllnads-och-skyddsmaterial\/bubbelplast\/bubbelfolie\/bubbelfolie-av-kraftpapper_OFF_NO_09705.html\">Bubbelfolie av kraftpapper:<\/a> En bubbelfolie som \u00e4r tillverkad av 100% \u00e5tervunner papper. Bubbelfolien har samma anv\u00e4ndningsomr\u00e5den och st\u00f6td\u00e4mpning som den tidigare bubbelplasten men \u00e4r ett mer milj\u00f6v\u00e4nligt alternativ. Den anpassar sig enkelt efter formen p\u00e5 dina produkter och ger ett fint monotont intryck till kunden.<\/td>\n<\/tr>\n<\/tbody>\n<\/table>\n<div class=\"su-table su-table-alternate\">\n<\/div>\u200b<\/p>\n<table>\n<tbody>\n<tr>\n<td><img loading=\"lazy\" decoding=\"async\" class=\"alignleft\" src=\"https:\/\/raja.scene7.com\/is\/image\/Raja\/products\/fyllnadspapper-i-dispenserf-rpackning-450m_OFF_NO_09712.jpg?template=withpicto410&amp;$image=M_PKRBOX_BG0922_24375&amp;$picto=ALL_planet&amp;hei=410&amp;wid=410&amp;fmt=jpg&amp;qlt=85,0&amp;resMode=sharp2&amp;op_usm=1.75,0.3,2,0\" alt=\"Fyllnadspapper i dispenserf\u00f6rpackning (450m) - 1\" width=\"250\" height=\"250\" \/><a href=\"https:\/\/www.rajapack.se\/fyllnads-och-skyddsmaterial\/pappersskydd\/kraftpapper\/fyllnads-dispenser_OFF_NO_09712.html\">Fyllnadspapper i dispenserf\u00f6rpackning:<\/a> L\u00e4tt att anv\u00e4nda, smart dispenser som passar olika milj\u00f6er s\u00e5 som butiker, sm\u00e5 lager och nystartade f\u00f6retag. \u00c4r en bra &#8221;ink\u00f6rsport&#8221; till och se om man ska investera i en <a href=\"https:\/\/www.rajapack.se\/forpackningsmaskiner-och-tillbehor\/forpackningsmaskiner-for-pappersfyllnad_C3014.html\">packmaskin<\/a> eller inte.<\/td>\n<\/tr>\n<\/tbody>\n<\/table>\n<div class=\"su-table su-table-alternate\">\n<\/div>\u200b<\/p>\n<table>\n<tbody>\n<tr>\n<td><img loading=\"lazy\" decoding=\"async\" class=\"alignleft\" src=\"https:\/\/raja.scene7.com\/is\/image\/Raja\/products\/enkelwell-p-rulle-raja_OFF_NO_0494.jpg?template=withpicto410&amp;$image=M_ONE20_R_0412_NO&amp;$picto=NoPicto&amp;hei=410&amp;wid=410&amp;fmt=jpg&amp;qlt=85,0&amp;resMode=sharp2&amp;op_usm=1.75,0.3,2,0\" alt=\"Enkelwell p\u00e5 rulle - Raja\" width=\"245\" height=\"245\" \/><a href=\"https:\/\/www.rajapack.se\/fyllnads-och-skyddsmaterial\/pappersskydd\/wellpapp\/enkelwell-pa-rulle-raja_OFF_NO_0494.html\">Enkelwell p\u00e5 rulle:<\/a> Tillr\u00e4ckligt tjockt f\u00f6r att skydda produkter, men den \u00e4r ocks\u00e5 tillr\u00e4ckligt formbar f\u00f6r att bilda \u00f6nskad form. Den ger optimalt skydd mot st\u00f6tar under transport och bra motst\u00e5nd mot vassa omr\u00e5den. Welpappen \u00e4r tillverkad av 100% \u00e5tervunnet material och \u00e4r \u00e5tervinningsbart. Det \u00e4r ett milj\u00f6ansvarigt skyddsmaterial som m\u00e5nga f\u00f6redrar.<\/td>\n<\/tr>\n<\/tbody>\n<\/table>\n<p>&nbsp;<\/p>\n<p>F\u00f6r att skydda och d\u00e4mpa dina produkter kan du v\u00e4lja mellan en rad olika l\u00f6sningar, fr\u00e5n de mest traditionella till de mest milj\u00f6v\u00e4nliga. V\u00e4lj skydd vars <strong>egenskaper \u00e4r anpassade<\/strong> till dina varor. Sist men inte minst: <strong>f\u00f6r dina mest \u00f6mt\u00e5liga produkter<\/strong> kan du \u00f6verv\u00e4ga att inkludera en etikett med texten <strong>\u201dFragile Product\u201d<\/strong>. Detta kan vara ett plus f\u00f6r att s\u00e4kerst\u00e4lla dina varors s\u00e4kerhet.<\/p>\n","protected":false},"excerpt":{"rendered":"<p>Alla e-handlare \u00e4r medvetna om att det \u00e4r viktigt att skydda sina paket. Det finns alltid en risk att paketet g\u00e5r s\u00f6nder eller \u00f6ppnas under transporten. Detta g\u00e4ller s\u00e4rskilt f\u00f6r [&#8230;]<\/p>\n","protected":false},"author":73,"featured_media":2603,"comment_status":"open","ping_status":"open","sticky":false,"template":"","format":"standard","meta":{"_acf_changed":false,"footnotes":""},"categories":[10,23],"tags":[],"class_list":["post-2582","post","type-post","status-publish","format-standard","has-post-thumbnail","hentry","category-e-handel","category-emballage"],"acf":[],"yoast_head":"\n<title>Vilket skyddsmaterial \u00e4r b\u00e4st f\u00f6r dina varor? - Rajapack-bloggen<\/title>\n<meta name=\"description\" content=\"Bubbelplast, kraftpapper eller vadderade kuvert? Vilket typ av skyddsmaterial fungerar b\u00e4st f\u00f6r dina produkter.\" \/>\n<meta name=\"robots\" content=\"index, follow, max-snippet:-1, max-image-preview:large, max-video-preview:-1\" \/>\n<link rel=\"canonical\" href=\"https:\/\/www.rajapack.se\/blog-se\/skydda-dina-varor\" \/>\n<meta property=\"og:locale\" content=\"sv_SE\" \/>\n<meta property=\"og:type\" content=\"article\" \/>\n<meta property=\"og:title\" content=\"Vilket skyddsmaterial \u00e4r b\u00e4st f\u00f6r dina varor? - Rajapack-bloggen\" \/>\n<meta property=\"og:description\" content=\"Bubbelplast, kraftpapper eller vadderade kuvert? Vilket typ av skyddsmaterial fungerar b\u00e4st f\u00f6r dina produkter.\" \/>\n<meta property=\"og:url\" content=\"https:\/\/www.rajapack.se\/blog-se\/skydda-dina-varor\" \/>\n<meta property=\"og:site_name\" content=\"Rajapack-bloggen\" \/>\n<meta property=\"article:publisher\" content=\"https:\/\/www.facebook.com\/rajasverige\" \/>\n<meta property=\"article:published_time\" content=\"2024-08-20T06:16:30+00:00\" \/>\n<meta property=\"og:image\" content=\"https:\/\/www.rajapack.se\/blog-se\/wp-content\/uploads\/2024\/08\/M_BULP50_FRG032_23221-removebg-preview.png\" \/>\n\t<meta property=\"og:image:width\" content=\"500\" \/>\n\t<meta property=\"og:image:height\" content=\"500\" \/>\n\t<meta property=\"og:image:type\" content=\"image\/png\" \/>\n<meta name=\"author\" content=\"Anna Miram\" \/>\n<meta name=\"twitter:card\" content=\"summary_large_image\" \/>\n<meta name=\"twitter:label1\" content=\"Skriven av\" \/>\n\t<meta name=\"twitter:data1\" content=\"Anna Miram\" \/>\n\t<meta name=\"twitter:label2\" content=\"Ber\u00e4knad l\u00e4stid\" \/>\n\t<meta name=\"twitter:data2\" content=\"6 minuter\" \/>\n<script type=\"application\/ld+json\" class=\"yoast-schema-graph\">{\n\t    \"@context\": \"https:\/\/schema.org\",\n\t    \"@graph\": [\n\t        {\n\t            \"@type\": \"Article\",\n\t            \"@id\": \"https:\/\/www.rajapack.se\/blog-se\/skydda-dina-varor#article\",\n\t            \"isPartOf\": {\n\t                \"@id\": \"https:\/\/www.rajapack.se\/blog-se\/skydda-dina-varor\"\n\t            },\n\t            \"author\": {\n\t                \"name\": \"Anna Miram\",\n\t                \"@id\": \"https:\/\/www.rajapack.se\/blog-se\/#\/schema\/person\/83459d6bbf5b34849412e7bef7fdc989\"\n\t            },\n\t            \"headline\": \"Vilket skyddsmaterial \u00e4r b\u00e4st f\u00f6r dina varor?\",\n\t            \"datePublished\": \"2024-08-20T06:16:30+00:00\",\n\t            \"dateModified\": \"2024-08-20T06:16:30+00:00\",\n\t            \"mainEntityOfPage\": {\n\t                \"@id\": \"https:\/\/www.rajapack.se\/blog-se\/skydda-dina-varor\"\n\t            },\n\t            \"wordCount\": 962,\n\t            \"commentCount\": 0,\n\t            \"publisher\": {\n\t                \"@id\": \"https:\/\/www.rajapack.se\/blog-se\/#organization\"\n\t            },\n\t            \"image\": {\n\t                \"@id\": \"https:\/\/www.rajapack.se\/blog-se\/skydda-dina-varor#primaryimage\"\n\t            },\n\t            \"thumbnailUrl\": \"https:\/\/www.rajapack.se\/blog-se\/wp-content\/uploads\/2024\/08\/M_BULP50_FRG032_23221-removebg-preview-e1727181280886.png\",\n\t            \"articleSection\": [\n\t                \"E-handel\",\n\t                \"Emballage och f\u00f6rpackningar\"\n\t            ],\n\t            \"inLanguage\": \"sv-SE\",\n\t            \"potentialAction\": [\n\t                {\n\t                    \"@type\": \"CommentAction\",\n\t                    \"name\": \"Comment\",\n\t                    \"target\": [\n\t                        \"https:\/\/www.rajapack.se\/blog-se\/skydda-dina-varor#respond\"\n\t                    ]\n\t                }\n\t            ]\n\t        },\n\t        {\n\t            \"@type\": \"WebPage\",\n\t            \"@id\": \"https:\/\/www.rajapack.se\/blog-se\/skydda-dina-varor\",\n\t            \"url\": \"https:\/\/www.rajapack.se\/blog-se\/skydda-dina-varor\",\n\t            \"name\": \"Vilket skyddsmaterial \u00e4r b\u00e4st f\u00f6r dina varor? - Rajapack-bloggen\",\n\t            \"isPartOf\": {\n\t                \"@id\": \"https:\/\/www.rajapack.se\/blog-se\/#website\"\n\t            },\n\t            \"primaryImageOfPage\": {\n\t                \"@id\": \"https:\/\/www.rajapack.se\/blog-se\/skydda-dina-varor#primaryimage\"\n\t            },\n\t            \"image\": {\n\t                \"@id\": \"https:\/\/www.rajapack.se\/blog-se\/skydda-dina-varor#primaryimage\"\n\t            },\n\t            \"thumbnailUrl\": \"https:\/\/www.rajapack.se\/blog-se\/wp-content\/uploads\/2024\/08\/M_BULP50_FRG032_23221-removebg-preview-e1727181280886.png\",\n\t            \"datePublished\": \"2024-08-20T06:16:30+00:00\",\n\t            \"dateModified\": \"2024-08-20T06:16:30+00:00\",\n\t            \"description\": \"Bubbelplast, kraftpapper eller vadderade kuvert? Vilket typ av skyddsmaterial fungerar b\u00e4st f\u00f6r dina produkter.\",\n\t            \"inLanguage\": \"sv-SE\",\n\t            \"potentialAction\": [\n\t                {\n\t                    \"@type\": \"ReadAction\",\n\t                    \"target\": [\n\t                        \"https:\/\/www.rajapack.se\/blog-se\/skydda-dina-varor\"\n\t                    ]\n\t                }\n\t            ]\n\t        },\n\t        {\n\t            \"@type\": \"ImageObject\",\n\t            \"inLanguage\": \"sv-SE\",\n\t            \"@id\": \"https:\/\/www.rajapack.se\/blog-se\/skydda-dina-varor#primaryimage\",\n\t            \"url\": \"https:\/\/www.rajapack.se\/blog-se\/wp-content\/uploads\/2024\/08\/M_BULP50_FRG032_23221-removebg-preview-e1727181280886.png\",\n\t            \"contentUrl\": \"https:\/\/www.rajapack.se\/blog-se\/wp-content\/uploads\/2024\/08\/M_BULP50_FRG032_23221-removebg-preview-e1727181280886.png\",\n\t            \"width\": 470,\n\t            \"height\": 379,\n\t            \"caption\": \"skyddmaterial\"\n\t        },\n\t        {\n\t            \"@type\": \"WebSite\",\n\t            \"@id\": \"https:\/\/www.rajapack.se\/blog-se\/#website\",\n\t            \"url\": \"https:\/\/www.rajapack.se\/blog-se\/\",\n\t            \"name\": \"Rajapack-bloggen\",\n\t            \"description\": \"GUIDER OCH TIPS OM EMBALLAGE,E-HANDEL OCH MILJ\u00d6\",\n\t            \"publisher\": {\n\t                \"@id\": \"https:\/\/www.rajapack.se\/blog-se\/#organization\"\n\t            },\n\t            \"potentialAction\": [\n\t                {\n\t                    \"@type\": \"SearchAction\",\n\t                    \"target\": {\n\t                        \"@type\": \"EntryPoint\",\n\t                        \"urlTemplate\": \"https:\/\/www.rajapack.se\/blog-se\/?s={search_term_string}\"\n\t                    },\n\t                    \"query-input\": \"required name=search_term_string\"\n\t                }\n\t            ],\n\t            \"inLanguage\": \"sv-SE\"\n\t        },\n\t        {\n\t            \"@type\": \"Organization\",\n\t            \"@id\": \"https:\/\/www.rajapack.se\/blog-se\/#organization\",\n\t            \"name\": \"Rajapack-bloggen\",\n\t            \"url\": \"https:\/\/www.rajapack.se\/blog-se\/\",\n\t            \"logo\": {\n\t                \"@type\": \"ImageObject\",\n\t                \"inLanguage\": \"sv-SE\",\n\t                \"@id\": \"https:\/\/www.rajapack.se\/blog-se\/#\/schema\/logo\/image\/\",\n\t                \"url\": \"https:\/\/www.rajapack.se\/blog-se\/wp-content\/uploads\/2021\/02\/SE-blog-logo.png\",\n\t                \"contentUrl\": \"https:\/\/www.rajapack.se\/blog-se\/wp-content\/uploads\/2021\/02\/SE-blog-logo.png\",\n\t                \"width\": 572,\n\t                \"height\": 119,\n\t                \"caption\": \"Rajapack-bloggen\"\n\t            },\n\t            \"image\": {\n\t                \"@id\": \"https:\/\/www.rajapack.se\/blog-se\/#\/schema\/logo\/image\/\"\n\t            },\n\t            \"sameAs\": [\n\t                \"https:\/\/www.facebook.com\/rajasverige\",\n\t                \"https:\/\/www.instagram.com\/rajasverige\/\",\n\t                \"https:\/\/www.linkedin.com\/company\/rajapackse\",\n\t                \"https:\/\/www.youtube.com\/channel\/UC_sOZj9z04xqu4BjveO_bKw\"\n\t            ]\n\t        },\n\t        {\n\t            \"@type\": \"Person\",\n\t            \"@id\": \"https:\/\/www.rajapack.se\/blog-se\/#\/schema\/person\/83459d6bbf5b34849412e7bef7fdc989\",\n\t            \"name\": \"Anna Miram\",\n\t            \"image\": {\n\t                \"@type\": \"ImageObject\",\n\t                \"inLanguage\": \"sv-SE\",\n\t                \"@id\": \"https:\/\/www.rajapack.se\/blog-se\/#\/schema\/person\/image\/\",\n\t                \"url\": \"https:\/\/secure.gravatar.com\/avatar\/31663ef4ef463d08d5b45ca31d4c521a?s=96&d=mm&r=g\",\n\t                \"contentUrl\": \"https:\/\/secure.gravatar.com\/avatar\/31663ef4ef463d08d5b45ca31d4c521a?s=96&d=mm&r=g\",\n\t                \"caption\": \"Anna Miram\"\n\t            },\n\t            \"url\": \"https:\/\/www.rajapack.se\/blog-se\/author\/anna-miramrajapack-se\"\n\t        }\n\t    ]\n\t}<\/script>\n","yoast_head_json":{"title":"Vilket skyddsmaterial \u00e4r b\u00e4st f\u00f6r dina varor? - Rajapack-bloggen","description":"Bubbelplast, kraftpapper eller vadderade kuvert? Vilket typ av skyddsmaterial fungerar b\u00e4st f\u00f6r dina produkter.","robots":{"index":"index","follow":"follow","max-snippet":"max-snippet:-1","max-image-preview":"max-image-preview:large","max-video-preview":"max-video-preview:-1"},"canonical":"https:\/\/www.rajapack.se\/blog-se\/skydda-dina-varor","og_locale":"sv_SE","og_type":"article","og_title":"Vilket skyddsmaterial \u00e4r b\u00e4st f\u00f6r dina varor? - Rajapack-bloggen","og_description":"Bubbelplast, kraftpapper eller vadderade kuvert? Vilket typ av skyddsmaterial fungerar b\u00e4st f\u00f6r dina produkter.","og_url":"https:\/\/www.rajapack.se\/blog-se\/skydda-dina-varor","og_site_name":"Rajapack-bloggen","article_publisher":"https:\/\/www.facebook.com\/rajasverige","article_published_time":"2024-08-20T06:16:30+00:00","og_image":[{"width":500,"height":500,"url":"https:\/\/www.rajapack.se\/blog-se\/wp-content\/uploads\/2024\/08\/M_BULP50_FRG032_23221-removebg-preview.png","type":"image\/png"}],"author":"Anna Miram","twitter_card":"summary_large_image","twitter_misc":{"Skriven av":"Anna Miram","Ber\u00e4knad l\u00e4stid":"6 minuter"},"schema":{"@context":"https:\/\/schema.org","@graph":[{"@type":"Article","@id":"https:\/\/www.rajapack.se\/blog-se\/skydda-dina-varor#article","isPartOf":{"@id":"https:\/\/www.rajapack.se\/blog-se\/skydda-dina-varor"},"author":{"name":"Anna Miram","@id":"https:\/\/www.rajapack.se\/blog-se\/#\/schema\/person\/83459d6bbf5b34849412e7bef7fdc989"},"headline":"Vilket skyddsmaterial \u00e4r b\u00e4st f\u00f6r dina varor?","datePublished":"2024-08-20T06:16:30+00:00","dateModified":"2024-08-20T06:16:30+00:00","mainEntityOfPage":{"@id":"https:\/\/www.rajapack.se\/blog-se\/skydda-dina-varor"},"wordCount":962,"commentCount":0,"publisher":{"@id":"https:\/\/www.rajapack.se\/blog-se\/#organization"},"image":{"@id":"https:\/\/www.rajapack.se\/blog-se\/skydda-dina-varor#primaryimage"},"thumbnailUrl":"https:\/\/www.rajapack.se\/blog-se\/wp-content\/uploads\/2024\/08\/M_BULP50_FRG032_23221-removebg-preview-e1727181280886.png","articleSection":["E-handel","Emballage och f\u00f6rpackningar"],"inLanguage":"sv-SE","potentialAction":[{"@type":"CommentAction","name":"Comment","target":["https:\/\/www.rajapack.se\/blog-se\/skydda-dina-varor#respond"]}]},{"@type":"WebPage","@id":"https:\/\/www.rajapack.se\/blog-se\/skydda-dina-varor","url":"https:\/\/www.rajapack.se\/blog-se\/skydda-dina-varor","name":"Vilket skyddsmaterial \u00e4r b\u00e4st f\u00f6r dina varor? - Rajapack-bloggen","isPartOf":{"@id":"https:\/\/www.rajapack.se\/blog-se\/#website"},"primaryImageOfPage":{"@id":"https:\/\/www.rajapack.se\/blog-se\/skydda-dina-varor#primaryimage"},"image":{"@id":"https:\/\/www.rajapack.se\/blog-se\/skydda-dina-varor#primaryimage"},"thumbnailUrl":"https:\/\/www.rajapack.se\/blog-se\/wp-content\/uploads\/2024\/08\/M_BULP50_FRG032_23221-removebg-preview-e1727181280886.png","datePublished":"2024-08-20T06:16:30+00:00","dateModified":"2024-08-20T06:16:30+00:00","description":"Bubbelplast, kraftpapper eller vadderade kuvert? Vilket typ av skyddsmaterial fungerar b\u00e4st f\u00f6r dina produkter.","inLanguage":"sv-SE","potentialAction":[{"@type":"ReadAction","target":["https:\/\/www.rajapack.se\/blog-se\/skydda-dina-varor"]}]},{"@type":"ImageObject","inLanguage":"sv-SE","@id":"https:\/\/www.rajapack.se\/blog-se\/skydda-dina-varor#primaryimage","url":"https:\/\/www.rajapack.se\/blog-se\/wp-content\/uploads\/2024\/08\/M_BULP50_FRG032_23221-removebg-preview-e1727181280886.png","contentUrl":"https:\/\/www.rajapack.se\/blog-se\/wp-content\/uploads\/2024\/08\/M_BULP50_FRG032_23221-removebg-preview-e1727181280886.png","width":470,"height":379,"caption":"skyddmaterial"},{"@type":"WebSite","@id":"https:\/\/www.rajapack.se\/blog-se\/#website","url":"https:\/\/www.rajapack.se\/blog-se\/","name":"Rajapack-bloggen","description":"GUIDER OCH TIPS OM EMBALLAGE,E-HANDEL OCH MILJ\u00d6","publisher":{"@id":"https:\/\/www.rajapack.se\/blog-se\/#organization"},"potentialAction":[{"@type":"SearchAction","target":{"@type":"EntryPoint","urlTemplate":"https:\/\/www.rajapack.se\/blog-se\/?s={search_term_string}"},"query-input":"required name=search_term_string"}],"inLanguage":"sv-SE"},{"@type":"Organization","@id":"https:\/\/www.rajapack.se\/blog-se\/#organization","name":"Rajapack-bloggen","url":"https:\/\/www.rajapack.se\/blog-se\/","logo":{"@type":"ImageObject","inLanguage":"sv-SE","@id":"https:\/\/www.rajapack.se\/blog-se\/#\/schema\/logo\/image\/","url":"https:\/\/www.rajapack.se\/blog-se\/wp-content\/uploads\/2021\/02\/SE-blog-logo.png","contentUrl":"https:\/\/www.rajapack.se\/blog-se\/wp-content\/uploads\/2021\/02\/SE-blog-logo.png","width":572,"height":119,"caption":"Rajapack-bloggen"},"image":{"@id":"https:\/\/www.rajapack.se\/blog-se\/#\/schema\/logo\/image\/"},"sameAs":["https:\/\/www.facebook.com\/rajasverige","https:\/\/www.instagram.com\/rajasverige\/","https:\/\/www.linkedin.com\/company\/rajapackse","https:\/\/www.youtube.com\/channel\/UC_sOZj9z04xqu4BjveO_bKw"]},{"@type":"Person","@id":"https:\/\/www.rajapack.se\/blog-se\/#\/schema\/person\/83459d6bbf5b34849412e7bef7fdc989","name":"Anna Miram","image":{"@type":"ImageObject","inLanguage":"sv-SE","@id":"https:\/\/www.rajapack.se\/blog-se\/#\/schema\/person\/image\/","url":"https:\/\/secure.gravatar.com\/avatar\/31663ef4ef463d08d5b45ca31d4c521a?s=96&d=mm&r=g","contentUrl":"https:\/\/secure.gravatar.com\/avatar\/31663ef4ef463d08d5b45ca31d4c521a?s=96&d=mm&r=g","caption":"Anna Miram"},"url":"https:\/\/www.rajapack.se\/blog-se\/author\/anna-miramrajapack-se"}]}},"_links":{"self":[{"href":"https:\/\/www.rajapack.se\/blog-se\/wp-json\/wp\/v2\/posts\/2582"}],"collection":[{"href":"https:\/\/www.rajapack.se\/blog-se\/wp-json\/wp\/v2\/posts"}],"about":[{"href":"https:\/\/www.rajapack.se\/blog-se\/wp-json\/wp\/v2\/types\/post"}],"author":[{"embeddable":true,"href":"https:\/\/www.rajapack.se\/blog-se\/wp-json\/wp\/v2\/users\/73"}],"replies":[{"embeddable":true,"href":"https:\/\/www.rajapack.se\/blog-se\/wp-json\/wp\/v2\/comments?post=2582"}],"version-history":[{"count":21,"href":"https:\/\/www.rajapack.se\/blog-se\/wp-json\/wp\/v2\/posts\/2582\/revisions"}],"predecessor-version":[{"id":2606,"href":"https:\/\/www.rajapack.se\/blog-se\/wp-json\/wp\/v2\/posts\/2582\/revisions\/2606"}],"wp:featuredmedia":[{"embeddable":true,"href":"https:\/\/www.rajapack.se\/blog-se\/wp-json\/wp\/v2\/media\/2603"}],"wp:attachment":[{"href":"https:\/\/www.rajapack.se\/blog-se\/wp-json\/wp\/v2\/media?parent=2582"}],"wp:term":[{"taxonomy":"category","embeddable":true,"href":"https:\/\/www.rajapack.se\/blog-se\/wp-json\/wp\/v2\/categories?post=2582"},{"taxonomy":"post_tag","embeddable":true,"href":"https:\/\/www.rajapack.se\/blog-se\/wp-json\/wp\/v2\/tags?post=2582"}],"curies":[{"name":"wp","href":"https:\/\/api.w.org\/{rel}","templated":true}]}}