{"id":2772,"date":"2025-02-26T10:20:26","date_gmt":"2025-02-26T09:20:26","guid":{"rendered":"https:\/\/www.rajapack.se\/blog-se\/?p=2772"},"modified":"2025-02-26T10:20:26","modified_gmt":"2025-02-26T09:20:26","slug":"vem-uppfann-welladan","status":"publish","type":"post","link":"https:\/\/www.rajapack.se\/blog-se\/vem-uppfann-welladan","title":{"rendered":"Vem uppfann well\u00e5dan?"},"content":{"rendered":"<p>Det snabba svaret p\u00e5 vem som uppfann wellpappl\u00e5dan \u00e4r Robert Gair. Men historien om hur den f\u00f6rsta kartongen kom till v\u00e4rlden \u00e4r mer komplex \u00e4n vad man f\u00f6rst kan tro. Vi g\u00e5r igenom de olika tiderna, och det \u00e4r fler folk som skulle vilja ha titeln som \u201duppt\u00e4ckaren\u201d \u00e4n vad du kanske tror.<\/p>\n<div id=\"ez-toc-container\" class=\"ez-toc-v2_0_67_1 counter-hierarchy ez-toc-counter ez-toc-grey ez-toc-container-direction\">\n<div class=\"ez-toc-title-container\">\n<p class=\"ez-toc-title \" >Table of Contents<\/p>\n<span class=\"ez-toc-title-toggle\"><a href=\"#\" class=\"ez-toc-pull-right ez-toc-btn ez-toc-btn-xs ez-toc-btn-default ez-toc-toggle\" aria-label=\"Toggle Table of Content\"><span class=\"ez-toc-js-icon-con\"><span class=\"\"><span class=\"eztoc-hide\" style=\"display:none;\">Toggle<\/span><span class=\"ez-toc-icon-toggle-span\"><svg style=\"fill: #999;color:#999\" xmlns=\"http:\/\/www.w3.org\/2000\/svg\" class=\"list-377408\" width=\"20px\" height=\"20px\" viewBox=\"0 0 24 24\" fill=\"none\"><path d=\"M6 6H4v2h2V6zm14 0H8v2h12V6zM4 11h2v2H4v-2zm16 0H8v2h12v-2zM4 16h2v2H4v-2zm16 0H8v2h12v-2z\" fill=\"currentColor\"><\/path><\/svg><svg style=\"fill: #999;color:#999\" class=\"arrow-unsorted-368013\" xmlns=\"http:\/\/www.w3.org\/2000\/svg\" width=\"10px\" height=\"10px\" viewBox=\"0 0 24 24\" version=\"1.2\" baseProfile=\"tiny\"><path d=\"M18.2 9.3l-6.2-6.3-6.2 6.3c-.2.2-.3.4-.3.7s.1.5.3.7c.2.2.4.3.7.3h11c.3 0 .5-.1.7-.3.2-.2.3-.5.3-.7s-.1-.5-.3-.7zM5.8 14.7l6.2 6.3 6.2-6.3c.2-.2.3-.5.3-.7s-.1-.5-.3-.7c-.2-.2-.4-.3-.7-.3h-11c-.3 0-.5.1-.7.3-.2.2-.3.5-.3.7s.1.5.3.7z\"\/><\/svg><\/span><\/span><\/span><\/a><\/span><\/div>\n<nav><ul class='ez-toc-list ez-toc-list-level-1 ' ><li class='ez-toc-page-1 ez-toc-heading-level-3'><a class=\"ez-toc-link ez-toc-heading-1\" href=\"https:\/\/www.rajapack.se\/blog-se\/vem-uppfann-welladan\/#Vem_uppfann_papper\" title=\"Vem uppfann papper?\">Vem uppfann papper?<\/a><\/li><li class='ez-toc-page-1 ez-toc-heading-level-3'><a class=\"ez-toc-link ez-toc-heading-2\" href=\"https:\/\/www.rajapack.se\/blog-se\/vem-uppfann-welladan\/#Men_wellpapp_da\" title=\"Men wellpapp d\u00e5?\">Men wellpapp d\u00e5?<\/a><\/li><li class='ez-toc-page-1 ez-toc-heading-level-3'><a class=\"ez-toc-link ez-toc-heading-3\" href=\"https:\/\/www.rajapack.se\/blog-se\/vem-uppfann-welladan\/#Och_ladan_da\" title=\"Och l\u00e5dan d\u00e5?\">Och l\u00e5dan d\u00e5?<\/a><\/li><li class='ez-toc-page-1 ez-toc-heading-level-3'><a class=\"ez-toc-link ez-toc-heading-4\" href=\"https:\/\/www.rajapack.se\/blog-se\/vem-uppfann-welladan\/#Sir_Malcolm_Thornhill_eller\" title=\"Sir. Malcolm Thornhill, eller?\">Sir. Malcolm Thornhill, eller?<\/a><\/li><li class='ez-toc-page-1 ez-toc-heading-level-3'><a class=\"ez-toc-link ez-toc-heading-5\" href=\"https:\/\/www.rajapack.se\/blog-se\/vem-uppfann-welladan\/#Robert_Gair\" title=\"Robert Gair\">Robert Gair<\/a><\/li><\/ul><\/nav><\/div>\n<h3><span class=\"ez-toc-section\" id=\"Vem_uppfann_papper\"><\/span>Vem uppfann papper?<span class=\"ez-toc-section-end\"><\/span><\/h3>\n<p>Det \u00e4r sv\u00e5rt att g\u00f6ra en well\u00e5da utan wellpapp, eller hur? Det beror p\u00e5 hur man definierar wellpapp. \u00c5r 105 deklarerade en domstolstj\u00e4nsteman av kejsare He, Cai Lun, att han hade hittat en ny metod att g\u00f6ra papper. Denna deklarering \u00e4r viktig eftersom det finns exemplar av papper fr\u00e5n 200 f.Kr. men inget skriftligt sp\u00e5r om vem som uppfann det. Sp\u00e5ren b\u00f6rjar vid Cai Lun. Hans metod bestod av att pressa v\u00e4xtfiber och sedan l\u00e5ta det torka. Denna process ledde s\u00e5 sm\u00e5ningom till papper. Medan det kanske inte var det f\u00f6rsta s\u00e4ttet papper gjordes, blev det mest popul\u00e4rt och blev s\u00e4ttet man gjorde papper. Cai Lun levde ett l\u00e5ngt liv, men hans s\u00e4tt att skapa papper \u00e4r definitivt det han kommer bli mest ih\u00e5gkommen f\u00f6r.<\/p>\n<p><img loading=\"lazy\" decoding=\"async\" class=\"alignnone size-medium wp-image-2776\" src=\"https:\/\/www.rajapack.se\/blog-se\/wp-content\/uploads\/2025\/02\/PAPERBLOG-1134x1536-1-317x430.jpg\" alt=\"papper\" width=\"317\" height=\"430\" srcset=\"https:\/\/www.rajapack.se\/blog-se\/wp-content\/uploads\/2025\/02\/PAPERBLOG-1134x1536-1-317x430.jpg 317w, https:\/\/www.rajapack.se\/blog-se\/wp-content\/uploads\/2025\/02\/PAPERBLOG-1134x1536-1-756x1024.jpg 756w, https:\/\/www.rajapack.se\/blog-se\/wp-content\/uploads\/2025\/02\/PAPERBLOG-1134x1536-1-768x1040.jpg 768w, https:\/\/www.rajapack.se\/blog-se\/wp-content\/uploads\/2025\/02\/PAPERBLOG-1134x1536-1.jpg 1134w\" sizes=\"(max-width: 317px) 100vw, 317px\" \/><\/p>\n<h3><span class=\"ez-toc-section\" id=\"Men_wellpapp_da\"><\/span>Men wellpapp d\u00e5?<span class=\"ez-toc-section-end\"><\/span><\/h3>\n<p>Papper \u00e4r en sak, och tjockt papper kan fungera som en f\u00f6rpackning, men wellpapp \u00e4r en annan femma. Tjockleken och v\u00e5gorna i wellpapp skapar skydd som vanligt papper inte kan erbjuda. Wellpapp \u00e4r generellt tillskrivet till England 1856, men d\u00e5 som en styrkande insida till h\u00f6ga hattar. Tyv\u00e4rr kan England inte ta \u00e4ran f\u00f6r wellpap som f\u00f6rpackningar. Amerikanerna anv\u00e4nde det f\u00f6rst 1871. Patenten blev tillskriven Albert Jones som ville anv\u00e4nda wellpapp f\u00f6r att f\u00f6rpacka flaskor. Kom ih\u00e5g, detta var m\u00e5nga \u00e5r innan v\u00e5ra <a href=\"https:\/\/www.rajapack.se\/fyllnads-och-skyddsmaterial\/skyddsnat-och-flaskskydd\/flaskskydd_OFF_NO_09257.html\">flaskskydd<\/a>. \u00c5ren efter 1871 kom med m\u00e5nga nya anv\u00e4ndningsomr\u00e5den f\u00f6r wellpapp, men det var d\u00e5 det b\u00f6rjade anv\u00e4ndas p\u00e5 de s\u00e4tt vi \u00e4r vana vid idag.<\/p>\n<p>&nbsp;<\/p>\n<p><img loading=\"lazy\" decoding=\"async\" class=\"alignnone size-medium wp-image-2775\" src=\"https:\/\/www.rajapack.se\/blog-se\/wp-content\/uploads\/2025\/02\/shutterstock_672028840-430x326.jpg\" alt=\"\" width=\"430\" height=\"326\" srcset=\"https:\/\/www.rajapack.se\/blog-se\/wp-content\/uploads\/2025\/02\/shutterstock_672028840-430x326.jpg 430w, https:\/\/www.rajapack.se\/blog-se\/wp-content\/uploads\/2025\/02\/shutterstock_672028840-768x583.jpg 768w, https:\/\/www.rajapack.se\/blog-se\/wp-content\/uploads\/2025\/02\/shutterstock_672028840.jpg 1000w\" sizes=\"(max-width: 430px) 100vw, 430px\" \/><\/p>\n<h3><span class=\"ez-toc-section\" id=\"Och_ladan_da\"><\/span>Och l\u00e5dan d\u00e5?<span class=\"ez-toc-section-end\"><\/span><\/h3>\n<p>F\u00f6r att en well\u00e5da ska komma till beh\u00f6vs wellpapp, vilket vi har kommit fram till blev patenterat i USA av Albert Jones. Men vi beh\u00f6ver ocks\u00e5 l\u00e5dans ursprung. Vi som ett franskt bolag k\u00e4nner oss moraliskt f\u00f6rpliktade att ber\u00e4tta att den f\u00f6rsta typen av kartongl\u00e5da uppfanns i Frankrike under 1840. Dessa kartongl\u00e5dor anv\u00e4ndes f\u00f6r att transportera silkesmaskar, och det finns till och med exemplar kvar p\u00e5 ett wellpappmuseum i Valeras i Frankrike. Uppfinningen \u00e4r krediterad till Ferdinand Revoul men anv\u00e4ndningen av dessa kartonger var fortfarande lite olik den konventionella well\u00e5dan. Detta leder oss till den riktiga uppfinnaren \u2013 Malcom Thornhill!<\/p>\n<p><img loading=\"lazy\" decoding=\"async\" class=\"alignnone size-medium wp-image-2774\" src=\"https:\/\/www.rajapack.se\/blog-se\/wp-content\/uploads\/2025\/02\/shutterstock_399985504-430x280.jpg\" alt=\"\" width=\"430\" height=\"280\" srcset=\"https:\/\/www.rajapack.se\/blog-se\/wp-content\/uploads\/2025\/02\/shutterstock_399985504-430x280.jpg 430w, https:\/\/www.rajapack.se\/blog-se\/wp-content\/uploads\/2025\/02\/shutterstock_399985504-768x499.jpg 768w, https:\/\/www.rajapack.se\/blog-se\/wp-content\/uploads\/2025\/02\/shutterstock_399985504.jpg 1000w\" sizes=\"(max-width: 430px) 100vw, 430px\" \/><\/p>\n<h3><span class=\"ez-toc-section\" id=\"Sir_Malcolm_Thornhill_eller\"><\/span>Sir. Malcolm Thornhill, eller?<span class=\"ez-toc-section-end\"><\/span><\/h3>\n<p>1817 uppfann INTE en brittisk man vid namn Sir Malcolm Thornhill well\u00e5dan. Som s\u00e5 m\u00e5nga g\u00e5nger p\u00e5 internet best\u00e4mde sig ett antal personer att sprida missinformation om vem som skapade den f\u00f6rsta well\u00e5dan. Det har sedan utf\u00f6rts en utredning varf\u00f6r detta kan ha h\u00e4nt, och det verkar som att det var ett f\u00f6rs\u00f6k att diskreditera <a href=\"https:\/\/en.wikipedia.org\/wiki\/Talk%3ACardboard_box#Sir_Malcolm_Thornhill\">Wikipedia<\/a>. Denna lilla tankf\u00e4lla har blivit uppt\u00e4ckt p\u00e5 r\u00e4tt s\u00e5 m\u00e5nga hemsidor. \u00c4ven om det \u00e4r lite roligt, och att det finns lite bevis till att det fanns ett brittiskt f\u00f6retag som under 1817 producerade kartonger, s\u00e5 \u00e4r det nog dags att adressera den skotske mannen i rummet.<\/p>\n<p><img loading=\"lazy\" decoding=\"async\" class=\"alignnone size-medium wp-image-2773\" src=\"https:\/\/www.rajapack.se\/blog-se\/wp-content\/uploads\/2025\/02\/Robert_Gair-430x381.jpg\" alt=\"Robert_Gair\" width=\"430\" height=\"381\" srcset=\"https:\/\/www.rajapack.se\/blog-se\/wp-content\/uploads\/2025\/02\/Robert_Gair-430x381.jpg 430w, https:\/\/www.rajapack.se\/blog-se\/wp-content\/uploads\/2025\/02\/Robert_Gair-1024x906.jpg 1024w, https:\/\/www.rajapack.se\/blog-se\/wp-content\/uploads\/2025\/02\/Robert_Gair-768x680.jpg 768w, https:\/\/www.rajapack.se\/blog-se\/wp-content\/uploads\/2025\/02\/Robert_Gair-1536x1359.jpg 1536w, https:\/\/www.rajapack.se\/blog-se\/wp-content\/uploads\/2025\/02\/Robert_Gair.jpg 2000w\" sizes=\"(max-width: 430px) 100vw, 430px\" \/><\/p>\n<h3><span class=\"ez-toc-section\" id=\"Robert_Gair\"><\/span>Robert Gair<span class=\"ez-toc-section-end\"><\/span><\/h3>\n<p>P\u00e5 det sena 1800-talet hade Robert Gair en olycka. Medan han skrynklade en pappersp\u00e5se, bytte en metallinjal position och skar upp p\u00e5sen. Vanligtvis \u00e4r det en jobbig sak att handskas med. Men f\u00f6r Robert Gair t\u00e4ndes en id\u00e9. Gair ins\u00e5g att en kombination av snitt och v\u00e5gor gjorde det m\u00f6jligt att skapa l\u00e5dor som var l\u00e4tta att montera och som enkelt kunde anv\u00e4ndas f\u00f6r f\u00f6rvaring och f\u00f6rs\u00e4ndelser. 1890 ans\u00f6kte han om patent f\u00f6r produkten, och resten \u00e4r historia. Hans enkla design skulle senare komma att inspirera n\u00e4stan lika m\u00e5nga innovationer som Cai Luns papper. Den st\u00f6rsta innovationen inom well\u00e5dor m\u00e5ste vara Kellogg\u2019s spinn p\u00e5 det hela. F\u00f6r hur hade v\u00e4rlden sett ut om vi inte \u00e5t flingor i n\u00e5got annat \u00e4n flingkartonger? Vi p\u00e5 RAJA \u00e4r i alla fall extremt tacksamma f\u00f6r Robert Gair och alla som kom f\u00f6re honom f\u00f6r den \u00f6dmjuka innovationen av en well\u00e5da.<\/p>\n<div class=\"su-divider su-divider-style-default\" style=\"margin:15px 0;border-width:3px;border-color:#999999\"><a href=\"#\" style=\"color:#999999\">Go to top<\/a><\/div>\n<p>Det var naturligtvis n\u00e5gra banbrytande id\u00e9er mellan 1890 och 2025, men alla kommer fr\u00e5n samma grund. Hoppas att du har tyckt om denna lilla \u00e5ktur genom \u00e5ren och att du har l\u00e4rt dig n\u00e5got nytt. \u00c4r det n\u00e5got vi kan ha missat? Ber\u00e4tta om det i kommentarerna.<\/p>\n","protected":false},"excerpt":{"rendered":"<p>Det snabba svaret p\u00e5 vem som uppfann wellpappl\u00e5dan \u00e4r Robert Gair. Men historien om hur den f\u00f6rsta kartongen kom till v\u00e4rlden \u00e4r mer komplex \u00e4n vad man f\u00f6rst kan tro. [&#8230;]<\/p>\n","protected":false},"author":73,"featured_media":2775,"comment_status":"open","ping_status":"open","sticky":false,"template":"","format":"standard","meta":{"_acf_changed":false,"footnotes":""},"categories":[23],"tags":[],"class_list":["post-2772","post","type-post","status-publish","format-standard","has-post-thumbnail","hentry","category-emballage"],"acf":[],"yoast_head":"\n<title>Vem uppfann well\u00e5dan? - Rajapack-bloggen<\/title>\n<meta name=\"description\" content=\"Uppt\u00e4ck historien bakom wellpappl\u00e5dan och dess uppfinnare, fr\u00e5n Cai Luns papperstillverkning till Robert Gairs innovation p\u00e5 1800-talet\" \/>\n<meta name=\"robots\" content=\"index, follow, max-snippet:-1, max-image-preview:large, max-video-preview:-1\" \/>\n<link rel=\"canonical\" href=\"https:\/\/www.rajapack.se\/blog-se\/vem-uppfann-welladan\" \/>\n<meta property=\"og:locale\" content=\"sv_SE\" \/>\n<meta property=\"og:type\" content=\"article\" \/>\n<meta property=\"og:title\" content=\"Vem uppfann well\u00e5dan? - Rajapack-bloggen\" \/>\n<meta property=\"og:description\" content=\"Uppt\u00e4ck historien bakom wellpappl\u00e5dan och dess uppfinnare, fr\u00e5n Cai Luns papperstillverkning till Robert Gairs innovation p\u00e5 1800-talet\" \/>\n<meta property=\"og:url\" content=\"https:\/\/www.rajapack.se\/blog-se\/vem-uppfann-welladan\" \/>\n<meta property=\"og:site_name\" content=\"Rajapack-bloggen\" \/>\n<meta property=\"article:publisher\" content=\"https:\/\/www.facebook.com\/rajasverige\" \/>\n<meta property=\"article:published_time\" content=\"2025-02-26T09:20:26+00:00\" \/>\n<meta property=\"og:image\" content=\"https:\/\/www.rajapack.se\/blog-se\/wp-content\/uploads\/2025\/02\/shutterstock_672028840.jpg\" \/>\n\t<meta property=\"og:image:width\" content=\"1000\" \/>\n\t<meta property=\"og:image:height\" content=\"759\" \/>\n\t<meta property=\"og:image:type\" content=\"image\/jpeg\" \/>\n<meta name=\"author\" content=\"Anna Miram\" \/>\n<meta name=\"twitter:card\" content=\"summary_large_image\" \/>\n<meta name=\"twitter:label1\" content=\"Skriven av\" \/>\n\t<meta name=\"twitter:data1\" content=\"Anna Miram\" \/>\n\t<meta name=\"twitter:label2\" content=\"Ber\u00e4knad l\u00e4stid\" \/>\n\t<meta name=\"twitter:data2\" content=\"5 minuter\" \/>\n<script type=\"application\/ld+json\" class=\"yoast-schema-graph\">{\n\t    \"@context\": \"https:\/\/schema.org\",\n\t    \"@graph\": [\n\t        {\n\t            \"@type\": \"Article\",\n\t            \"@id\": \"https:\/\/www.rajapack.se\/blog-se\/vem-uppfann-welladan#article\",\n\t            \"isPartOf\": {\n\t                \"@id\": \"https:\/\/www.rajapack.se\/blog-se\/vem-uppfann-welladan\"\n\t            },\n\t            \"author\": {\n\t                \"name\": \"Anna Miram\",\n\t                \"@id\": \"https:\/\/www.rajapack.se\/blog-se\/#\/schema\/person\/83459d6bbf5b34849412e7bef7fdc989\"\n\t            },\n\t            \"headline\": \"Vem uppfann well\u00e5dan?\",\n\t            \"datePublished\": \"2025-02-26T09:20:26+00:00\",\n\t            \"dateModified\": \"2025-02-26T09:20:26+00:00\",\n\t            \"mainEntityOfPage\": {\n\t                \"@id\": \"https:\/\/www.rajapack.se\/blog-se\/vem-uppfann-welladan\"\n\t            },\n\t            \"wordCount\": 810,\n\t            \"commentCount\": 0,\n\t            \"publisher\": {\n\t                \"@id\": \"https:\/\/www.rajapack.se\/blog-se\/#organization\"\n\t            },\n\t            \"image\": {\n\t                \"@id\": \"https:\/\/www.rajapack.se\/blog-se\/vem-uppfann-welladan#primaryimage\"\n\t            },\n\t            \"thumbnailUrl\": \"https:\/\/www.rajapack.se\/blog-se\/wp-content\/uploads\/2025\/02\/shutterstock_672028840.jpg\",\n\t            \"articleSection\": [\n\t                \"Emballage och f\u00f6rpackningar\"\n\t            ],\n\t            \"inLanguage\": \"sv-SE\",\n\t            \"potentialAction\": [\n\t                {\n\t                    \"@type\": \"CommentAction\",\n\t                    \"name\": \"Comment\",\n\t                    \"target\": [\n\t                        \"https:\/\/www.rajapack.se\/blog-se\/vem-uppfann-welladan#respond\"\n\t                    ]\n\t                }\n\t            ]\n\t        },\n\t        {\n\t            \"@type\": \"WebPage\",\n\t            \"@id\": \"https:\/\/www.rajapack.se\/blog-se\/vem-uppfann-welladan\",\n\t            \"url\": \"https:\/\/www.rajapack.se\/blog-se\/vem-uppfann-welladan\",\n\t            \"name\": \"Vem uppfann well\u00e5dan? - Rajapack-bloggen\",\n\t            \"isPartOf\": {\n\t                \"@id\": \"https:\/\/www.rajapack.se\/blog-se\/#website\"\n\t            },\n\t            \"primaryImageOfPage\": {\n\t                \"@id\": \"https:\/\/www.rajapack.se\/blog-se\/vem-uppfann-welladan#primaryimage\"\n\t            },\n\t            \"image\": {\n\t                \"@id\": \"https:\/\/www.rajapack.se\/blog-se\/vem-uppfann-welladan#primaryimage\"\n\t            },\n\t            \"thumbnailUrl\": \"https:\/\/www.rajapack.se\/blog-se\/wp-content\/uploads\/2025\/02\/shutterstock_672028840.jpg\",\n\t            \"datePublished\": \"2025-02-26T09:20:26+00:00\",\n\t            \"dateModified\": \"2025-02-26T09:20:26+00:00\",\n\t            \"description\": \"Uppt\u00e4ck historien bakom wellpappl\u00e5dan och dess uppfinnare, fr\u00e5n Cai Luns papperstillverkning till Robert Gairs innovation p\u00e5 1800-talet\",\n\t            \"inLanguage\": \"sv-SE\",\n\t            \"potentialAction\": [\n\t                {\n\t                    \"@type\": \"ReadAction\",\n\t                    \"target\": [\n\t                        \"https:\/\/www.rajapack.se\/blog-se\/vem-uppfann-welladan\"\n\t                    ]\n\t                }\n\t            ]\n\t        },\n\t        {\n\t            \"@type\": \"ImageObject\",\n\t            \"inLanguage\": \"sv-SE\",\n\t            \"@id\": \"https:\/\/www.rajapack.se\/blog-se\/vem-uppfann-welladan#primaryimage\",\n\t            \"url\": \"https:\/\/www.rajapack.se\/blog-se\/wp-content\/uploads\/2025\/02\/shutterstock_672028840.jpg\",\n\t            \"contentUrl\": \"https:\/\/www.rajapack.se\/blog-se\/wp-content\/uploads\/2025\/02\/shutterstock_672028840.jpg\",\n\t            \"width\": 1000,\n\t            \"height\": 759,\n\t            \"caption\": \"well\u00e5da\"\n\t        },\n\t        {\n\t            \"@type\": \"WebSite\",\n\t            \"@id\": \"https:\/\/www.rajapack.se\/blog-se\/#website\",\n\t            \"url\": \"https:\/\/www.rajapack.se\/blog-se\/\",\n\t            \"name\": \"Rajapack-bloggen\",\n\t            \"description\": \"GUIDER OCH TIPS OM EMBALLAGE,E-HANDEL OCH MILJ\u00d6\",\n\t            \"publisher\": {\n\t                \"@id\": \"https:\/\/www.rajapack.se\/blog-se\/#organization\"\n\t            },\n\t            \"potentialAction\": [\n\t                {\n\t                    \"@type\": \"SearchAction\",\n\t                    \"target\": {\n\t                        \"@type\": \"EntryPoint\",\n\t                        \"urlTemplate\": \"https:\/\/www.rajapack.se\/blog-se\/?s={search_term_string}\"\n\t                    },\n\t                    \"query-input\": \"required name=search_term_string\"\n\t                }\n\t            ],\n\t            \"inLanguage\": \"sv-SE\"\n\t        },\n\t        {\n\t            \"@type\": \"Organization\",\n\t            \"@id\": \"https:\/\/www.rajapack.se\/blog-se\/#organization\",\n\t            \"name\": \"Rajapack-bloggen\",\n\t            \"url\": \"https:\/\/www.rajapack.se\/blog-se\/\",\n\t            \"logo\": {\n\t                \"@type\": \"ImageObject\",\n\t                \"inLanguage\": \"sv-SE\",\n\t                \"@id\": \"https:\/\/www.rajapack.se\/blog-se\/#\/schema\/logo\/image\/\",\n\t                \"url\": \"https:\/\/www.rajapack.se\/blog-se\/wp-content\/uploads\/2021\/02\/SE-blog-logo.png\",\n\t                \"contentUrl\": \"https:\/\/www.rajapack.se\/blog-se\/wp-content\/uploads\/2021\/02\/SE-blog-logo.png\",\n\t                \"width\": 572,\n\t                \"height\": 119,\n\t                \"caption\": \"Rajapack-bloggen\"\n\t            },\n\t            \"image\": {\n\t                \"@id\": \"https:\/\/www.rajapack.se\/blog-se\/#\/schema\/logo\/image\/\"\n\t            },\n\t            \"sameAs\": [\n\t                \"https:\/\/www.facebook.com\/rajasverige\",\n\t                \"https:\/\/www.instagram.com\/rajasverige\/\",\n\t                \"https:\/\/www.linkedin.com\/company\/rajapackse\",\n\t                \"https:\/\/www.youtube.com\/channel\/UC_sOZj9z04xqu4BjveO_bKw\"\n\t            ]\n\t        },\n\t        {\n\t            \"@type\": \"Person\",\n\t            \"@id\": \"https:\/\/www.rajapack.se\/blog-se\/#\/schema\/person\/83459d6bbf5b34849412e7bef7fdc989\",\n\t            \"name\": \"Anna Miram\",\n\t            \"image\": {\n\t                \"@type\": \"ImageObject\",\n\t                \"inLanguage\": \"sv-SE\",\n\t                \"@id\": \"https:\/\/www.rajapack.se\/blog-se\/#\/schema\/person\/image\/\",\n\t                \"url\": \"https:\/\/secure.gravatar.com\/avatar\/31663ef4ef463d08d5b45ca31d4c521a?s=96&d=mm&r=g\",\n\t                \"contentUrl\": \"https:\/\/secure.gravatar.com\/avatar\/31663ef4ef463d08d5b45ca31d4c521a?s=96&d=mm&r=g\",\n\t                \"caption\": \"Anna Miram\"\n\t            },\n\t            \"url\": \"https:\/\/www.rajapack.se\/blog-se\/author\/anna-miramrajapack-se\"\n\t        }\n\t    ]\n\t}<\/script>\n","yoast_head_json":{"title":"Vem uppfann well\u00e5dan? - Rajapack-bloggen","description":"Uppt\u00e4ck historien bakom wellpappl\u00e5dan och dess uppfinnare, fr\u00e5n Cai Luns papperstillverkning till Robert Gairs innovation p\u00e5 1800-talet","robots":{"index":"index","follow":"follow","max-snippet":"max-snippet:-1","max-image-preview":"max-image-preview:large","max-video-preview":"max-video-preview:-1"},"canonical":"https:\/\/www.rajapack.se\/blog-se\/vem-uppfann-welladan","og_locale":"sv_SE","og_type":"article","og_title":"Vem uppfann well\u00e5dan? - Rajapack-bloggen","og_description":"Uppt\u00e4ck historien bakom wellpappl\u00e5dan och dess uppfinnare, fr\u00e5n Cai Luns papperstillverkning till Robert Gairs innovation p\u00e5 1800-talet","og_url":"https:\/\/www.rajapack.se\/blog-se\/vem-uppfann-welladan","og_site_name":"Rajapack-bloggen","article_publisher":"https:\/\/www.facebook.com\/rajasverige","article_published_time":"2025-02-26T09:20:26+00:00","og_image":[{"width":1000,"height":759,"url":"https:\/\/www.rajapack.se\/blog-se\/wp-content\/uploads\/2025\/02\/shutterstock_672028840.jpg","type":"image\/jpeg"}],"author":"Anna Miram","twitter_card":"summary_large_image","twitter_misc":{"Skriven av":"Anna Miram","Ber\u00e4knad l\u00e4stid":"5 minuter"},"schema":{"@context":"https:\/\/schema.org","@graph":[{"@type":"Article","@id":"https:\/\/www.rajapack.se\/blog-se\/vem-uppfann-welladan#article","isPartOf":{"@id":"https:\/\/www.rajapack.se\/blog-se\/vem-uppfann-welladan"},"author":{"name":"Anna Miram","@id":"https:\/\/www.rajapack.se\/blog-se\/#\/schema\/person\/83459d6bbf5b34849412e7bef7fdc989"},"headline":"Vem uppfann well\u00e5dan?","datePublished":"2025-02-26T09:20:26+00:00","dateModified":"2025-02-26T09:20:26+00:00","mainEntityOfPage":{"@id":"https:\/\/www.rajapack.se\/blog-se\/vem-uppfann-welladan"},"wordCount":810,"commentCount":0,"publisher":{"@id":"https:\/\/www.rajapack.se\/blog-se\/#organization"},"image":{"@id":"https:\/\/www.rajapack.se\/blog-se\/vem-uppfann-welladan#primaryimage"},"thumbnailUrl":"https:\/\/www.rajapack.se\/blog-se\/wp-content\/uploads\/2025\/02\/shutterstock_672028840.jpg","articleSection":["Emballage och f\u00f6rpackningar"],"inLanguage":"sv-SE","potentialAction":[{"@type":"CommentAction","name":"Comment","target":["https:\/\/www.rajapack.se\/blog-se\/vem-uppfann-welladan#respond"]}]},{"@type":"WebPage","@id":"https:\/\/www.rajapack.se\/blog-se\/vem-uppfann-welladan","url":"https:\/\/www.rajapack.se\/blog-se\/vem-uppfann-welladan","name":"Vem uppfann well\u00e5dan? - Rajapack-bloggen","isPartOf":{"@id":"https:\/\/www.rajapack.se\/blog-se\/#website"},"primaryImageOfPage":{"@id":"https:\/\/www.rajapack.se\/blog-se\/vem-uppfann-welladan#primaryimage"},"image":{"@id":"https:\/\/www.rajapack.se\/blog-se\/vem-uppfann-welladan#primaryimage"},"thumbnailUrl":"https:\/\/www.rajapack.se\/blog-se\/wp-content\/uploads\/2025\/02\/shutterstock_672028840.jpg","datePublished":"2025-02-26T09:20:26+00:00","dateModified":"2025-02-26T09:20:26+00:00","description":"Uppt\u00e4ck historien bakom wellpappl\u00e5dan och dess uppfinnare, fr\u00e5n Cai Luns papperstillverkning till Robert Gairs innovation p\u00e5 1800-talet","inLanguage":"sv-SE","potentialAction":[{"@type":"ReadAction","target":["https:\/\/www.rajapack.se\/blog-se\/vem-uppfann-welladan"]}]},{"@type":"ImageObject","inLanguage":"sv-SE","@id":"https:\/\/www.rajapack.se\/blog-se\/vem-uppfann-welladan#primaryimage","url":"https:\/\/www.rajapack.se\/blog-se\/wp-content\/uploads\/2025\/02\/shutterstock_672028840.jpg","contentUrl":"https:\/\/www.rajapack.se\/blog-se\/wp-content\/uploads\/2025\/02\/shutterstock_672028840.jpg","width":1000,"height":759,"caption":"well\u00e5da"},{"@type":"WebSite","@id":"https:\/\/www.rajapack.se\/blog-se\/#website","url":"https:\/\/www.rajapack.se\/blog-se\/","name":"Rajapack-bloggen","description":"GUIDER OCH TIPS OM EMBALLAGE,E-HANDEL OCH MILJ\u00d6","publisher":{"@id":"https:\/\/www.rajapack.se\/blog-se\/#organization"},"potentialAction":[{"@type":"SearchAction","target":{"@type":"EntryPoint","urlTemplate":"https:\/\/www.rajapack.se\/blog-se\/?s={search_term_string}"},"query-input":"required name=search_term_string"}],"inLanguage":"sv-SE"},{"@type":"Organization","@id":"https:\/\/www.rajapack.se\/blog-se\/#organization","name":"Rajapack-bloggen","url":"https:\/\/www.rajapack.se\/blog-se\/","logo":{"@type":"ImageObject","inLanguage":"sv-SE","@id":"https:\/\/www.rajapack.se\/blog-se\/#\/schema\/logo\/image\/","url":"https:\/\/www.rajapack.se\/blog-se\/wp-content\/uploads\/2021\/02\/SE-blog-logo.png","contentUrl":"https:\/\/www.rajapack.se\/blog-se\/wp-content\/uploads\/2021\/02\/SE-blog-logo.png","width":572,"height":119,"caption":"Rajapack-bloggen"},"image":{"@id":"https:\/\/www.rajapack.se\/blog-se\/#\/schema\/logo\/image\/"},"sameAs":["https:\/\/www.facebook.com\/rajasverige","https:\/\/www.instagram.com\/rajasverige\/","https:\/\/www.linkedin.com\/company\/rajapackse","https:\/\/www.youtube.com\/channel\/UC_sOZj9z04xqu4BjveO_bKw"]},{"@type":"Person","@id":"https:\/\/www.rajapack.se\/blog-se\/#\/schema\/person\/83459d6bbf5b34849412e7bef7fdc989","name":"Anna Miram","image":{"@type":"ImageObject","inLanguage":"sv-SE","@id":"https:\/\/www.rajapack.se\/blog-se\/#\/schema\/person\/image\/","url":"https:\/\/secure.gravatar.com\/avatar\/31663ef4ef463d08d5b45ca31d4c521a?s=96&d=mm&r=g","contentUrl":"https:\/\/secure.gravatar.com\/avatar\/31663ef4ef463d08d5b45ca31d4c521a?s=96&d=mm&r=g","caption":"Anna Miram"},"url":"https:\/\/www.rajapack.se\/blog-se\/author\/anna-miramrajapack-se"}]}},"_links":{"self":[{"href":"https:\/\/www.rajapack.se\/blog-se\/wp-json\/wp\/v2\/posts\/2772"}],"collection":[{"href":"https:\/\/www.rajapack.se\/blog-se\/wp-json\/wp\/v2\/posts"}],"about":[{"href":"https:\/\/www.rajapack.se\/blog-se\/wp-json\/wp\/v2\/types\/post"}],"author":[{"embeddable":true,"href":"https:\/\/www.rajapack.se\/blog-se\/wp-json\/wp\/v2\/users\/73"}],"replies":[{"embeddable":true,"href":"https:\/\/www.rajapack.se\/blog-se\/wp-json\/wp\/v2\/comments?post=2772"}],"version-history":[{"count":1,"href":"https:\/\/www.rajapack.se\/blog-se\/wp-json\/wp\/v2\/posts\/2772\/revisions"}],"predecessor-version":[{"id":2779,"href":"https:\/\/www.rajapack.se\/blog-se\/wp-json\/wp\/v2\/posts\/2772\/revisions\/2779"}],"wp:featuredmedia":[{"embeddable":true,"href":"https:\/\/www.rajapack.se\/blog-se\/wp-json\/wp\/v2\/media\/2775"}],"wp:attachment":[{"href":"https:\/\/www.rajapack.se\/blog-se\/wp-json\/wp\/v2\/media?parent=2772"}],"wp:term":[{"taxonomy":"category","embeddable":true,"href":"https:\/\/www.rajapack.se\/blog-se\/wp-json\/wp\/v2\/categories?post=2772"},{"taxonomy":"post_tag","embeddable":true,"href":"https:\/\/www.rajapack.se\/blog-se\/wp-json\/wp\/v2\/tags?post=2772"}],"curies":[{"name":"wp","href":"https:\/\/api.w.org\/{rel}","templated":true}]}}