{"id":3048,"date":"2026-03-09T10:12:26","date_gmt":"2026-03-09T09:12:26","guid":{"rendered":"https:\/\/www.rajapack.se\/blog-se\/?p=3048"},"modified":"2026-03-19T12:42:44","modified_gmt":"2026-03-19T11:42:44","slug":"varfor-kartong-ar-framtidens-emballage","status":"publish","type":"post","link":"https:\/\/www.rajapack.se\/blog-se\/varfor-kartong-ar-framtidens-emballage","title":{"rendered":"Varf\u00f6r kartong \u00e4r framtidens emballage"},"content":{"rendered":"<div id=\"ez-toc-container\" class=\"ez-toc-v2_0_67_1 counter-hierarchy ez-toc-counter ez-toc-grey ez-toc-container-direction\">\n<div class=\"ez-toc-title-container\">\n<p class=\"ez-toc-title \" >Table of Contents<\/p>\n<span class=\"ez-toc-title-toggle\"><a href=\"#\" class=\"ez-toc-pull-right ez-toc-btn ez-toc-btn-xs ez-toc-btn-default ez-toc-toggle\" aria-label=\"Toggle Table of Content\"><span class=\"ez-toc-js-icon-con\"><span class=\"\"><span class=\"eztoc-hide\" style=\"display:none;\">Toggle<\/span><span class=\"ez-toc-icon-toggle-span\"><svg style=\"fill: #999;color:#999\" xmlns=\"http:\/\/www.w3.org\/2000\/svg\" class=\"list-377408\" width=\"20px\" height=\"20px\" viewBox=\"0 0 24 24\" fill=\"none\"><path d=\"M6 6H4v2h2V6zm14 0H8v2h12V6zM4 11h2v2H4v-2zm16 0H8v2h12v-2zM4 16h2v2H4v-2zm16 0H8v2h12v-2z\" fill=\"currentColor\"><\/path><\/svg><svg style=\"fill: #999;color:#999\" class=\"arrow-unsorted-368013\" xmlns=\"http:\/\/www.w3.org\/2000\/svg\" width=\"10px\" height=\"10px\" viewBox=\"0 0 24 24\" version=\"1.2\" baseProfile=\"tiny\"><path d=\"M18.2 9.3l-6.2-6.3-6.2 6.3c-.2.2-.3.4-.3.7s.1.5.3.7c.2.2.4.3.7.3h11c.3 0 .5-.1.7-.3.2-.2.3-.5.3-.7s-.1-.5-.3-.7zM5.8 14.7l6.2 6.3 6.2-6.3c.2-.2.3-.5.3-.7s-.1-.5-.3-.7c-.2-.2-.4-.3-.7-.3h-11c-.3 0-.5.1-.7.3-.2.2-.3.5-.3.7s.1.5.3.7z\"\/><\/svg><\/span><\/span><\/span><\/a><\/span><\/div>\n<nav><ul class='ez-toc-list ez-toc-list-level-1 ' ><li class='ez-toc-page-1 ez-toc-heading-level-2'><a class=\"ez-toc-link ez-toc-heading-1\" href=\"https:\/\/www.rajapack.se\/blog-se\/varfor-kartong-ar-framtidens-emballage\/#Efterfragan_pa_kartong_som_forpackningsmaterial_okar_snabbt_i_Europa_och_Sverige\" title=\"Efterfr\u00e5gan p\u00e5 kartong som f\u00f6rpackningsmaterial \u00f6kar snabbt i Europa och Sverige\">Efterfr\u00e5gan p\u00e5 kartong som f\u00f6rpackningsmaterial \u00f6kar snabbt i Europa och Sverige<\/a><\/li><li class='ez-toc-page-1 ez-toc-heading-level-2'><a class=\"ez-toc-link ez-toc-heading-2\" href=\"https:\/\/www.rajapack.se\/blog-se\/varfor-kartong-ar-framtidens-emballage\/#Fordelar_med_kartong_och_papper\" title=\"F\u00f6rdelar med kartong och papper\">F\u00f6rdelar med kartong och papper<\/a><\/li><li class='ez-toc-page-1 ez-toc-heading-level-2'><a class=\"ez-toc-link ez-toc-heading-3\" href=\"https:\/\/www.rajapack.se\/blog-se\/varfor-kartong-ar-framtidens-emballage\/#Alternativ_till_plast\" title=\"Alternativ till plast\">Alternativ till plast<\/a><ul class='ez-toc-list-level-3' ><li class='ez-toc-heading-level-3'><a class=\"ez-toc-link ez-toc-heading-4\" href=\"https:\/\/www.rajapack.se\/blog-se\/varfor-kartong-ar-framtidens-emballage\/#Bubbelfolie_av_papper\" title=\"Bubbelfolie av papper\">Bubbelfolie av papper<\/a><\/li><li class='ez-toc-page-1 ez-toc-heading-level-3'><a class=\"ez-toc-link ez-toc-heading-5\" href=\"https:\/\/www.rajapack.se\/blog-se\/varfor-kartong-ar-framtidens-emballage\/#Packchips\" title=\"Packchips\">Packchips<\/a><\/li><li class='ez-toc-page-1 ez-toc-heading-level-3'><a class=\"ez-toc-link ez-toc-heading-6\" href=\"https:\/\/www.rajapack.se\/blog-se\/varfor-kartong-ar-framtidens-emballage\/#Packtejp_av_papper\" title=\"Packtejp av papper\">Packtejp av papper<\/a><\/li><li class='ez-toc-page-1 ez-toc-heading-level-3'><a class=\"ez-toc-link ez-toc-heading-7\" href=\"https:\/\/www.rajapack.se\/blog-se\/varfor-kartong-ar-framtidens-emballage\/#Forseglingsremsa\" title=\"F\u00f6rseglingsremsa\">F\u00f6rseglingsremsa<\/a><\/li><li class='ez-toc-page-1 ez-toc-heading-level-3'><a class=\"ez-toc-link ez-toc-heading-8\" href=\"https:\/\/www.rajapack.se\/blog-se\/varfor-kartong-ar-framtidens-emballage\/#Snabbotten_lador\" title=\"Snabbotten l\u00e5dor\">Snabbotten l\u00e5dor<\/a><\/li><\/ul><\/li><li class='ez-toc-page-1 ez-toc-heading-level-2'><a class=\"ez-toc-link ez-toc-heading-9\" href=\"https:\/\/www.rajapack.se\/blog-se\/varfor-kartong-ar-framtidens-emballage\/#Detta_kan_du_handla_hos_RAJAPACK\" title=\"Detta kan du handla hos RAJAPACK\">Detta kan du handla hos RAJAPACK<\/a><\/li><\/ul><\/nav><\/div>\n<h2><span class=\"ez-toc-section\" id=\"Efterfragan_pa_kartong_som_forpackningsmaterial_okar_snabbt_i_Europa_och_Sverige\"><\/span><strong>Efterfr\u00e5gan p\u00e5 kartong som f\u00f6rpackningsmaterial \u00f6kar snabbt i Europa och Sverige<\/strong><span class=\"ez-toc-section-end\"><\/span><\/h2>\r\n<p>Drivkrafterna \u00e4r tydliga och nya regelverk st\u00e4ller h\u00f6gre krav p\u00e5 \u00e5tervunnet material och \u00e5tervinningsbarhet. Konsumenterna f\u00f6redrar kartong tack vare dess stora \u00e5tervinningsm\u00f6jligheter. <a href=\"https:\/\/www.papperochmassa.se\/20250211\/5535\/kartongens-framtid-ser-ljus-ut-hallbarhet-och-miljofokus-driver-utvecklingen\">I en europeisk studie<\/a> uppskattade 90% av konsumenterna kartongf\u00f6rpackningar (wellpapp 87%) f\u00f6r dess egenskaper. EU har ocks\u00e5 nyligen antagit en <a href=\"https:\/\/www.regeringen.se\/pressmeddelanden\/2025\/02\/nya-eu-regler-ska-leda-till-farre-och-mer-hallbara-forpackninga\/\"><strong>f\u00f6rpackningsf\u00f6rordning<\/strong><\/a> som ska minska avfallet och fr\u00e4mja cirkul\u00e4ra material. Detta g\u00f6r att f\u00f6retag beh\u00f6ver se \u00f6ver sina emballagel\u00f6sningar och att\u00a0\u00e5tervinningsbara f\u00f6rpackningar inte l\u00e4ngre en trend utan ett krav och h\u00e4r ligger kartong i framkant.<\/p>\r\n<p><a href=\"https:\/\/www.regeringen.se\/pressmeddelanden\/2025\/02\/nya-eu-regler-ska-leda-till-farre-och-mer-hallbara-forpackninga\/\">EU:s nya f\u00f6rordning<\/a> om f\u00f6rpackningar och f\u00f6rpackningsavfall PPWR (Packaging and Packaging Waste Regulation) antogs i slutet av 2024. Denna f\u00f6rordning inneb\u00e4r tuffare krav p\u00e5 minskade m\u00e4ngder eng\u00e5ngsmaterial samt h\u00f6gre \u00e5tervinning. F\u00f6rordningen inneb\u00e4r ocks\u00e5 bland annat att <strong>alla f\u00f6rpackningar ska vara minst 70% \u00e5tervinningsbara till 2030<\/strong> och minst 55% av materialet ska faktiskt \u00e5tervinnas senast 2035. Detta \u00e4r en del av EU:s cirkul\u00e4ra ekonomi-strategi med syfte att bryta slit-och-sl\u00e4ng-modellen.\u00a0Genom att ers\u00e4tta plastf\u00f6rpackningar med mer \u00e5tervinningsbara alternativ har d\u00e4rf\u00f6r blivit mer akut.<\/p>\r\n<p><strong>Kartong- och pappersf\u00f6rpackningar har idag mycket h\u00f6gre \u00e5tervinningsgrad \u00e4n plast<\/strong>. I Europa \u00e5tervinns cirka 83% av alla kartongf\u00f6rpackningar och branschen siktar p\u00e5 att n\u00e5 90% till \u00e5r 2030. Kartongindustrin har en bra position inf\u00f6r de nya kraven, d\u00e5 produkter best\u00e5r redan i snitt av <strong>77% \u00e5tervunnet material<\/strong> (fr\u00e4mst returfiber). Konsumenterna blir ocks\u00e5 allt mer medvetna och <strong>\u00e5tervinningsbarhet har seglat upp som en viktig faktor f\u00f6r konsumenter<\/strong> n\u00e4r de v\u00e4ljer f\u00f6rpackningar. Den \u00f6kade medvetenheten och sk\u00e4rpta regler har lett till att f\u00f6retag i b\u00e5de industrin och e-handeln nu <strong>ompr\u00f6var sina f\u00f6rpackningsval<\/strong> f\u00f6r att m\u00f6ta det nya regelverket.\u00a0<\/p>\r\n<p>Dessutom m\u00e4rks ett tydligt skifte hos stora akt\u00f6rer globalt, d\u00e5 ledande f\u00f6retag st\u00e4ller om till\u00a0pappersbaserat emballage. Exempel p\u00e5 f\u00f6retag \u00e4r Amazon som har inf\u00f6rt innovativa pappersemballage f\u00f6r att spara material och Google anv\u00e4nder numera FSC-certifierade pappersf\u00f6rpackningar f\u00f6r sina elektronikprodukter.\u00a0<\/p>\r\n<h2><span class=\"ez-toc-section\" id=\"Fordelar_med_kartong_och_papper\"><\/span><strong>F\u00f6rdelar med kartong och papper<\/strong><span class=\"ez-toc-section-end\"><\/span><\/h2>\r\n<ul>\r\n<li>Kartong \u00e4r bland de mest \u00e5tervunna f\u00f6rpackningsmaterialen i v\u00e4rlden. Det kan \u00e5tervinnas om och om igen med minimal kvalitetsf\u00f6rs\u00e4mring.<\/li>\r\n<li>Papper och kartong fr\u00e5n f\u00f6rnybar biomassa (fr\u00e4mst tr\u00e4d fr\u00e5n ansvarsfullt skogsbruk).<\/li>\r\n<li>Papper bryts ned betydligt snabbare och mer fullst\u00e4ndigt \u00e4n plast. Wellpapp l\u00f6ses upp av fukt och mikroorganismer inom m\u00e5nader, i j\u00e4mf\u00f6relse med plast som kan kvarst\u00e5 i hundratals \u00e5r och fragmenteras till mikroplast. Detta minskar risken f\u00f6r l\u00e5ngvarig nedskr\u00e4pning p\u00e5 land och i hav. (Naturligtvis \u00e4r m\u00e5let \u00e4nd\u00e5 att all kartong \u00e5tervinns f\u00f6r att sluta kretsloppet.<\/li>\r\n<li>Wellpapp \u00e4r k\u00e4nt f\u00f6r sin styrka i f\u00f6rh\u00e5llande till vikten och kan skydda tunga industriprodukter eller stora volymer e-handelss\u00e4ndningar med relativt lite material.<br \/><br \/><br \/><img loading=\"lazy\" decoding=\"async\" class=\"wp-image-3102 aligncenter\" src=\"https:\/\/www.rajapack.se\/blog-se\/wp-content\/uploads\/2026\/03\/Fordelarna-med-emballage-i-kartong-9-430x215.png\" alt=\"\" width=\"512\" height=\"256\" srcset=\"https:\/\/www.rajapack.se\/blog-se\/wp-content\/uploads\/2026\/03\/Fordelarna-med-emballage-i-kartong-9-430x215.png 430w, https:\/\/www.rajapack.se\/blog-se\/wp-content\/uploads\/2026\/03\/Fordelarna-med-emballage-i-kartong-9-1024x512.png 1024w, https:\/\/www.rajapack.se\/blog-se\/wp-content\/uploads\/2026\/03\/Fordelarna-med-emballage-i-kartong-9-768x384.png 768w, https:\/\/www.rajapack.se\/blog-se\/wp-content\/uploads\/2026\/03\/Fordelarna-med-emballage-i-kartong-9-1536x768.png 1536w, https:\/\/www.rajapack.se\/blog-se\/wp-content\/uploads\/2026\/03\/Fordelarna-med-emballage-i-kartong-9-2048x1024.png 2048w, https:\/\/www.rajapack.se\/blog-se\/wp-content\/uploads\/2026\/03\/Fordelarna-med-emballage-i-kartong-9-300x150.png 300w\" sizes=\"(max-width: 512px) 100vw, 512px\" \/><\/li>\r\n<\/ul>\r\n<h2><span class=\"ez-toc-section\" id=\"Alternativ_till_plast\"><\/span><strong>Alternativ till plast<\/strong><span class=\"ez-toc-section-end\"><\/span><\/h2>\r\n<h3><span class=\"ez-toc-section\" id=\"Bubbelfolie_av_papper\"><\/span>Bubbelfolie av papper<span class=\"ez-toc-section-end\"><\/span><\/h3>\r\n<p>F\u00f6r att ers\u00e4tta plast s\u00e5som bubbelplast vid packning har nytt skyddsmaterial introducerats.<a href=\"https:\/\/www.rajapack.se\/fyllnads-och-skyddsmaterial\/bubbelplast\/bubbelfolie\/bubbelfolie-av-kraftpapper_OFF_NO_09705.html\"> <strong>Bubbelfolie av papper<\/strong> <\/a>\u00e4r en innovation d\u00e4r wellpapper eller kraftpapper har veckats s\u00e5 att det bildar en bubbelliknande struktur. Ett exempel \u00e4r v\u00e5r egen <strong>bubbelfolie tillverkad av 100% \u00e5tervunnet kraftpapper. <\/strong>Detta har blivit en prisbel\u00f6nt produkt som fungerar som alternativ till traditionell bubbelplast. Papprets naturliga fibrer ger ett utm\u00e4rkt skydd och kan sedan enkelt \u00e5tervinnas.\u00a0<\/p>\r\n<h3><span class=\"ez-toc-section\" id=\"Packchips\"><\/span>Packchips<span class=\"ez-toc-section-end\"><\/span><\/h3>\r\n<p>Ett annat smart fyllnadsmaterial \u00e4r<strong><a href=\"https:\/\/www.rajapack.se\/fyllnads-och-skyddsmaterial\/packchips\/flo-pak-natural_OFF_NO_09254.html\"> packchips gjorda av vegetabilisk st\u00e4rkelse<\/a><\/strong> och heter <em>Flo-Pak Natural<\/em>. Dessa \u201cchips\u201d kan fylla ut tomrum i paket och skydda \u00f6mt\u00e5ligt gods likt traditionella skumchips. Dessa \u00e4r dock helt <strong>biologiskt nedbrytbara<\/strong> och l\u00f6ses upp i vatten utan att l\u00e4mna giftiga rester. Genom att byta till dessa alternativ g\u00f6r det m\u00f6jligt f\u00f6r f\u00f6retag att skicka varor tryggt <strong>utan att beh\u00f6va anv\u00e4nda plastfolie eller skumplast.<\/strong><\/p>\r\n<h3><span class=\"ez-toc-section\" id=\"Packtejp_av_papper\"><\/span>Packtejp av papper<span class=\"ez-toc-section-end\"><\/span><\/h3>\r\n<p><a href=\"https:\/\/www.rajapack.se\/packtejp-packband-och-buntning\/packtejp\/papperstejp\/papperstejp-rajatape_OFF_NO_0563.html\"><strong>Packtejp av papper<\/strong> <\/a>har blivit ett popul\u00e4rt substitut till den klassiska PVC- eller PP-tejpen. Papperstejpen har ett lager av papper (ofta oblekt kraftpapper) med ett <strong>naturgummibaserat klister<\/strong>, vilket inneb\u00e4r att tejpen <strong>kan \u00e5tervinnas tillsammans med kartongen. <\/strong>Trots att den \u00e4r plastfri drar den inte ner p\u00e5 prestandan. Papperstejpen \u00e4r mycket stark, f\u00e4ster direkt och har h\u00f6g h\u00e5llfasthet mot fukt. Ett exempel \u00e4r v\u00e5r egna papperstejp som till och med s\u00e4gs ge b\u00e4ttre vidh\u00e4ftning p\u00e5 \u00e5tervunna kartonger \u00e4n plasttejp och minskar \u00f6veranv\u00e4ndning eftersom ett lager ofta r\u00e4cker. Genom att byta till papperstejp <strong>eliminerar man on\u00f6dig plast i f\u00f6rpackningarna<\/strong> samtidigt som \u00e5tervinningsprocessen f\u00f6renklas.<\/p>\r\n<h3><span class=\"ez-toc-section\" id=\"Forseglingsremsa\"><\/span>F\u00f6rseglingsremsa<span class=\"ez-toc-section-end\"><\/span><\/h3>\r\n<p>F\u00f6r tyngre f\u00f6rs\u00e4ndelser finns <a href=\"https:\/\/www.rajapack.se\/packtejp-packband-och-buntning\/packtejp\/papperstejp\/papperstejp-standardkvalitet_OFF_NO_0562.html\"><strong>vattenaktiverade f\u00f6rseglingsremsor i papper<\/strong><\/a> (gummerade pappersremsor) som erbjuder extremt s\u00e4ker f\u00f6rslutning. Remsans lim aktiveras med vatten och binder h\u00e5rt mot kartongen s\u00e5 att l\u00e5dan f\u00f6rseglas helt.\u00a0<\/p>\r\n<h3><span class=\"ez-toc-section\" id=\"Snabbotten_lador\"><\/span>Snabbotten l\u00e5dor<span class=\"ez-toc-section-end\"><\/span><\/h3>\r\n<p>Nya <strong>\u201dsmarta l\u00e5dor\u201d<\/strong> underl\u00e4ttar anv\u00e4ndning och \u00e5terbruk. Till exempel<strong><a href=\"https:\/\/www.rajapack.se\/lador-kartonger-och-wellcontainrar\/stansade-lador\/stansade-lador\/easybox-sjalvhaftande-lador-med-snabbotten_OFF_NO_0076.html\"> wellpappl\u00e5dor med automatisk botten<\/a> <\/strong>som viks upp p\u00e5 nolltid, vilket sparar b\u00e5de tid och behovet av tejp i botten. Det finns \u00e4ven <a href=\"https:\/\/www.rajapack.se\/Lador-kartonger-och-wellcontainrar\/Specialutformade-lador\/Lador-med-snabbotten\/Easybox-Lada-med-dubbla-tackremsor_OFF_NO_9208.html\"><strong>l\u00e5dor med integrerade dubbla limremsor.<\/strong><\/a> En remsa f\u00f6r att f\u00f6rsluta vid f\u00f6rsta leveransen och en extra remsa som kunden kan anv\u00e4nda f\u00f6r att enkelt returnera varan i samma l\u00e5da. Dessa l\u00f6sningar g\u00f6r det mycket enklare att <strong>\u00e5teranv\u00e4nda emballage<\/strong> och st\u00f6djer en cirkul\u00e4r anv\u00e4ndning (t.ex. vid e-handel d\u00e4r returfrakt \u00e4r vanligt). Genom att \u00e5teranv\u00e4nda kartonger halveras behovet av nya l\u00e5dor. <strong>En robust kartong kan ofta \u00e5teranv\u00e4ndas flera g\u00e5nger<\/strong> och n\u00e4r den inte l\u00e4ngre fungerar f\u00f6r frakt kan man alltid utnyttja den som utfyllnadsmaterial innan den till slut \u00e5tervinns.<\/p>\r\n<h2><span class=\"ez-toc-section\" id=\"Detta_kan_du_handla_hos_RAJAPACK\"><\/span><strong>Detta kan du handla hos RAJAPACK<\/strong><span class=\"ez-toc-section-end\"><\/span><\/h2>\r\n\r\n\r\n\r\n<figure class=\"wp-block-table\">\r\n<table class=\"has-fixed-layout\">\r\n<tbody>\r\n<tr>\r\n<td class=\"has-text-align-left\" data-align=\"left\"><strong>Produkt<\/strong><\/td>\r\n<td class=\"has-text-align-left\" data-align=\"left\"><strong>F\u00f6rdelar<\/strong><\/td>\r\n<\/tr>\r\n<tr>\r\n<td class=\"has-text-align-left\" data-align=\"left\"><strong>Bubbelfolie av papper<\/strong><br \/><a href=\"https:\/\/www.rajapack.se\/fyllnads-och-skyddsmaterial\/bubbelplast\/bubbelfolie\/bubbelfolie-av-kraftpapper_OFF_NO_09705.html\"><img loading=\"lazy\" decoding=\"async\" width=\"150\" height=\"150\" class=\"wp-image-3073\" style=\"width: 150px;\" src=\"https:\/\/www.rajapack.se\/blog-se\/wp-content\/uploads\/2026\/03\/bubbelfolie-av-kraftpapper-raja_OFF_NO_09705.webp\" alt=\"\" srcset=\"https:\/\/www.rajapack.se\/blog-se\/wp-content\/uploads\/2026\/03\/bubbelfolie-av-kraftpapper-raja_OFF_NO_09705.webp 600w, https:\/\/www.rajapack.se\/blog-se\/wp-content\/uploads\/2026\/03\/bubbelfolie-av-kraftpapper-raja_OFF_NO_09705-430x430.webp 430w, https:\/\/www.rajapack.se\/blog-se\/wp-content\/uploads\/2026\/03\/bubbelfolie-av-kraftpapper-raja_OFF_NO_09705-150x150.webp 150w, https:\/\/www.rajapack.se\/blog-se\/wp-content\/uploads\/2026\/03\/bubbelfolie-av-kraftpapper-raja_OFF_NO_09705-120x120.webp 120w\" sizes=\"(max-width: 150px) 100vw, 150px\" \/><\/a><\/td>\r\n<td class=\"has-text-align-left\" data-align=\"left\">Fyllnadsmaterial och st\u00f6td\u00e4mpning vid transporter (ers\u00e4tter traditionell bubbelplast).<\/td>\r\n<\/tr>\r\n<tr>\r\n<td class=\"has-text-align-left\" data-align=\"left\"><strong>Papperstejp<\/strong><br \/><a href=\"https:\/\/www.rajapack.se\/packtejp-packband-och-buntning\/packtejp\/papperstejp\/papperstejp-rajatape_OFF_NO_0563.html\"><img loading=\"lazy\" decoding=\"async\" width=\"150\" height=\"150\" class=\"wp-image-2109\" style=\"width: 150px;\" src=\"https:\/\/www.rajapack.se\/blog-se\/wp-content\/uploads\/2022\/11\/M_ADG12_G_DE-removebg-preview.png\" alt=\"\" srcset=\"https:\/\/www.rajapack.se\/blog-se\/wp-content\/uploads\/2022\/11\/M_ADG12_G_DE-removebg-preview.png 500w, https:\/\/www.rajapack.se\/blog-se\/wp-content\/uploads\/2022\/11\/M_ADG12_G_DE-removebg-preview-430x430.png 430w, https:\/\/www.rajapack.se\/blog-se\/wp-content\/uploads\/2022\/11\/M_ADG12_G_DE-removebg-preview-150x150.png 150w, https:\/\/www.rajapack.se\/blog-se\/wp-content\/uploads\/2022\/11\/M_ADG12_G_DE-removebg-preview-120x120.png 120w\" sizes=\"(max-width: 150px) 100vw, 150px\" \/><\/a><br \/><br \/><\/td>\r\n<td class=\"has-text-align-left\" data-align=\"left\">Ger stark f\u00f6rslutning med mindre material<br \/>papperstejp f\u00e4ster ofta b\u00e4ttre, vilket minskar \u00e5tg\u00e5ngen av tejp<\/td>\r\n<\/tr>\r\n<tr>\r\n<td class=\"has-text-align-left\" data-align=\"left\"><strong>L\u00e5da med snabbotten och dubbla sj\u00e4lvh\u00e4ftande remsor<\/strong><br \/><a href=\"https:\/\/www.rajapack.se\/Lador-kartonger-och-wellcontainrar\/Specialutformade-lador\/Lador-med-snabbotten\/Easybox-Lada-med-dubbla-tackremsor_OFF_NO_9208.html\"><img loading=\"lazy\" decoding=\"async\" width=\"150\" height=\"150\" class=\"wp-image-3052\" style=\"width: 150px;\" src=\"https:\/\/www.rajapack.se\/blog-se\/wp-content\/uploads\/2026\/02\/M_PFDB48_ACCESSORY_02.jpg\" alt=\"\" srcset=\"https:\/\/www.rajapack.se\/blog-se\/wp-content\/uploads\/2026\/02\/M_PFDB48_ACCESSORY_02.jpg 2000w, https:\/\/www.rajapack.se\/blog-se\/wp-content\/uploads\/2026\/02\/M_PFDB48_ACCESSORY_02-430x430.jpg 430w, https:\/\/www.rajapack.se\/blog-se\/wp-content\/uploads\/2026\/02\/M_PFDB48_ACCESSORY_02-1024x1024.jpg 1024w, https:\/\/www.rajapack.se\/blog-se\/wp-content\/uploads\/2026\/02\/M_PFDB48_ACCESSORY_02-150x150.jpg 150w, https:\/\/www.rajapack.se\/blog-se\/wp-content\/uploads\/2026\/02\/M_PFDB48_ACCESSORY_02-768x768.jpg 768w, https:\/\/www.rajapack.se\/blog-se\/wp-content\/uploads\/2026\/02\/M_PFDB48_ACCESSORY_02-1536x1536.jpg 1536w, https:\/\/www.rajapack.se\/blog-se\/wp-content\/uploads\/2026\/02\/M_PFDB48_ACCESSORY_02-800x800.jpg 800w, https:\/\/www.rajapack.se\/blog-se\/wp-content\/uploads\/2026\/02\/M_PFDB48_ACCESSORY_02-120x120.jpg 120w\" sizes=\"(max-width: 150px) 100vw, 150px\" \/><\/a><br \/><br \/><\/td>\r\n<td class=\"has-text-align-left\" data-align=\"left\">Snabbare packning utan tejp och enkel returhantering som sparar tid och material f\u00f6r b\u00e5de s\u00e4ndare och mottagare<\/td>\r\n<\/tr>\r\n<tr>\r\n<td class=\"has-text-align-left\" data-align=\"left\"><strong>L\u00e5da med snabbbotten och en sj\u00e4lvh\u00e4ftande remsa<\/strong><br \/><a href=\"https:\/\/www.rajapack.se\/lador-kartonger-och-wellcontainrar\/stansade-lador\/stansade-lador\/easybox-sjalvhaftande-lador-med-snabbotten_OFF_NO_0076.html\"><img loading=\"lazy\" decoding=\"async\" width=\"150\" height=\"150\" class=\"wp-image-3074\" style=\"width: 150px;\" src=\"https:\/\/www.rajapack.se\/blog-se\/wp-content\/uploads\/2026\/03\/easybox-sj-lvh-ftande-dor-med-snabbotten_OFF_NO_0076.webp\" alt=\"\" srcset=\"https:\/\/www.rajapack.se\/blog-se\/wp-content\/uploads\/2026\/03\/easybox-sj-lvh-ftande-dor-med-snabbotten_OFF_NO_0076.webp 600w, https:\/\/www.rajapack.se\/blog-se\/wp-content\/uploads\/2026\/03\/easybox-sj-lvh-ftande-dor-med-snabbotten_OFF_NO_0076-430x430.webp 430w, https:\/\/www.rajapack.se\/blog-se\/wp-content\/uploads\/2026\/03\/easybox-sj-lvh-ftande-dor-med-snabbotten_OFF_NO_0076-150x150.webp 150w, https:\/\/www.rajapack.se\/blog-se\/wp-content\/uploads\/2026\/03\/easybox-sj-lvh-ftande-dor-med-snabbotten_OFF_NO_0076-120x120.webp 120w\" sizes=\"(max-width: 150px) 100vw, 150px\" \/><\/a><\/td>\r\n<td class=\"has-text-align-left\" data-align=\"left\">Snabbare packning utan tejp<\/td>\r\n<\/tr>\r\n<tr>\r\n<td class=\"has-text-align-left\" data-align=\"left\"><strong>Presentask i kraftpapper med magnetisk l\u00e5sning<\/strong><br \/><a href=\"https:\/\/www.rajapack.se\/presentforpackningar\/presentaskar\/presentask-kraftpapper_OFF_NO_09517.html\"><img loading=\"lazy\" decoding=\"async\" width=\"150\" height=\"150\" class=\"wp-image-3075\" style=\"width: 150px;\" src=\"https:\/\/www.rajapack.se\/blog-se\/wp-content\/uploads\/2026\/03\/presentask-i-kraftpapper-med-magnetisk-sning_OFF_NO_09517.webp\" alt=\"\" srcset=\"https:\/\/www.rajapack.se\/blog-se\/wp-content\/uploads\/2026\/03\/presentask-i-kraftpapper-med-magnetisk-sning_OFF_NO_09517.webp 600w, https:\/\/www.rajapack.se\/blog-se\/wp-content\/uploads\/2026\/03\/presentask-i-kraftpapper-med-magnetisk-sning_OFF_NO_09517-430x430.webp 430w, https:\/\/www.rajapack.se\/blog-se\/wp-content\/uploads\/2026\/03\/presentask-i-kraftpapper-med-magnetisk-sning_OFF_NO_09517-150x150.webp 150w, https:\/\/www.rajapack.se\/blog-se\/wp-content\/uploads\/2026\/03\/presentask-i-kraftpapper-med-magnetisk-sning_OFF_NO_09517-120x120.webp 120w\" sizes=\"(max-width: 150px) 100vw, 150px\" \/><\/a><\/td>\r\n<td class=\"has-text-align-left\" data-align=\"left\">Lyxigare l\u00e5da i papper med enkel \u00f6ppna och st\u00e4ng funktion<\/td>\r\n<\/tr>\r\n<tr>\r\n<td class=\"has-text-align-left\" data-align=\"left\"><strong>Vattenaktiverade f\u00f6rseglingsremsa i papper<\/strong><br \/><a href=\"https:\/\/www.rajapack.se\/packtejp-packband-och-buntning\/packtejp\/papperstejp\/papperstejp-standardkvalitet_OFF_NO_0562.html\"><img loading=\"lazy\" decoding=\"async\" width=\"150\" height=\"150\" class=\"wp-image-3083\" style=\"width: 150px;\" src=\"https:\/\/www.rajapack.se\/blog-se\/wp-content\/uploads\/2026\/03\/f-rseglingsremsor-standardkvalitet-raja_OFF_NO_0562.webp\" alt=\"\" srcset=\"https:\/\/www.rajapack.se\/blog-se\/wp-content\/uploads\/2026\/03\/f-rseglingsremsor-standardkvalitet-raja_OFF_NO_0562.webp 600w, https:\/\/www.rajapack.se\/blog-se\/wp-content\/uploads\/2026\/03\/f-rseglingsremsor-standardkvalitet-raja_OFF_NO_0562-430x430.webp 430w, https:\/\/www.rajapack.se\/blog-se\/wp-content\/uploads\/2026\/03\/f-rseglingsremsor-standardkvalitet-raja_OFF_NO_0562-150x150.webp 150w, https:\/\/www.rajapack.se\/blog-se\/wp-content\/uploads\/2026\/03\/f-rseglingsremsor-standardkvalitet-raja_OFF_NO_0562-120x120.webp 120w\" sizes=\"(max-width: 150px) 100vw, 150px\" \/><\/a><br \/><br \/><\/td>\r\n<td class=\"has-text-align-left\" data-align=\"left\">Tejp f\u00f6r tyngre f\u00f6rs\u00e4ndelser och \u00e4r extremt f\u00f6rslutande<\/td>\r\n<\/tr>\r\n<\/tbody>\r\n<\/table>\r\n<\/figure>\r\n","protected":false},"excerpt":{"rendered":"<p>Efterfr\u00e5gan p\u00e5 kartong som f\u00f6rpackningsmaterial \u00f6kar snabbt i Europa och Sverige Drivkrafterna \u00e4r tydliga och nya regelverk st\u00e4ller h\u00f6gre krav p\u00e5 \u00e5tervunnet material och \u00e5tervinningsbarhet. Konsumenterna f\u00f6redrar kartong tack vare [&#8230;]<\/p>\n","protected":false},"author":73,"featured_media":3082,"comment_status":"open","ping_status":"open","sticky":false,"template":"","format":"standard","meta":{"_acf_changed":false,"footnotes":""},"categories":[10,23,24],"tags":[],"class_list":["post-3048","post","type-post","status-publish","format-standard","has-post-thumbnail","hentry","category-e-handel","category-emballage","category-miljo"],"acf":[],"yoast_head":"\n<title>Varf\u00f6r kartong \u00e4r framtidens emballage - Rajapack-bloggen<\/title>\n<meta name=\"description\" content=\"Efterfr\u00e5gan p\u00e5 kartong som f\u00f6rpackningsmaterial \u00f6kar snabbt i Europa och Sverige. H\u00e4r skriver vi om f\u00f6rdelar med kartong och papper.\" \/>\n<meta name=\"robots\" content=\"index, follow, max-snippet:-1, max-image-preview:large, max-video-preview:-1\" \/>\n<link rel=\"canonical\" href=\"https:\/\/www.rajapack.se\/blog-se\/varfor-kartong-ar-framtidens-emballage\" \/>\n<meta property=\"og:locale\" content=\"sv_SE\" \/>\n<meta property=\"og:type\" content=\"article\" \/>\n<meta property=\"og:title\" content=\"Varf\u00f6r kartong \u00e4r framtidens emballage - Rajapack-bloggen\" \/>\n<meta property=\"og:description\" content=\"Efterfr\u00e5gan p\u00e5 kartong som f\u00f6rpackningsmaterial \u00f6kar snabbt i Europa och Sverige. H\u00e4r skriver vi om f\u00f6rdelar med kartong och papper.\" \/>\n<meta property=\"og:url\" content=\"https:\/\/www.rajapack.se\/blog-se\/varfor-kartong-ar-framtidens-emballage\" \/>\n<meta property=\"og:site_name\" content=\"Rajapack-bloggen\" \/>\n<meta property=\"article:publisher\" content=\"https:\/\/www.facebook.com\/rajasverige\" \/>\n<meta property=\"article:published_time\" content=\"2026-03-09T09:12:26+00:00\" \/>\n<meta property=\"article:modified_time\" content=\"2026-03-19T11:42:44+00:00\" \/>\n<meta property=\"og:image\" content=\"https:\/\/www.rajapack.se\/blog-se\/wp-content\/uploads\/2026\/03\/Fordelarna-med-emballage-i-kartong-4.png\" \/>\n\t<meta property=\"og:image:width\" content=\"2000\" \/>\n\t<meta property=\"og:image:height\" content=\"1600\" \/>\n\t<meta property=\"og:image:type\" content=\"image\/png\" \/>\n<meta name=\"author\" content=\"Anna Miram\" \/>\n<meta name=\"twitter:card\" content=\"summary_large_image\" \/>\n<meta name=\"twitter:label1\" content=\"Skriven av\" \/>\n\t<meta name=\"twitter:data1\" content=\"Anna Miram\" \/>\n\t<meta name=\"twitter:label2\" content=\"Ber\u00e4knad l\u00e4stid\" \/>\n\t<meta name=\"twitter:data2\" content=\"7 minuter\" \/>\n<script type=\"application\/ld+json\" class=\"yoast-schema-graph\">{\n\t    \"@context\": \"https:\/\/schema.org\",\n\t    \"@graph\": [\n\t        {\n\t            \"@type\": \"Article\",\n\t            \"@id\": \"https:\/\/www.rajapack.se\/blog-se\/varfor-kartong-ar-framtidens-emballage#article\",\n\t            \"isPartOf\": {\n\t                \"@id\": \"https:\/\/www.rajapack.se\/blog-se\/varfor-kartong-ar-framtidens-emballage\"\n\t            },\n\t            \"author\": {\n\t                \"name\": \"Anna Miram\",\n\t                \"@id\": \"https:\/\/www.rajapack.se\/blog-se\/#\/schema\/person\/83459d6bbf5b34849412e7bef7fdc989\"\n\t            },\n\t            \"headline\": \"Varf\u00f6r kartong \u00e4r framtidens emballage\",\n\t            \"datePublished\": \"2026-03-09T09:12:26+00:00\",\n\t            \"dateModified\": \"2026-03-19T11:42:44+00:00\",\n\t            \"mainEntityOfPage\": {\n\t                \"@id\": \"https:\/\/www.rajapack.se\/blog-se\/varfor-kartong-ar-framtidens-emballage\"\n\t            },\n\t            \"wordCount\": 1090,\n\t            \"commentCount\": 0,\n\t            \"publisher\": {\n\t                \"@id\": \"https:\/\/www.rajapack.se\/blog-se\/#organization\"\n\t            },\n\t            \"image\": {\n\t                \"@id\": \"https:\/\/www.rajapack.se\/blog-se\/varfor-kartong-ar-framtidens-emballage#primaryimage\"\n\t            },\n\t            \"thumbnailUrl\": \"https:\/\/www.rajapack.se\/blog-se\/wp-content\/uploads\/2026\/03\/Fordelarna-med-emballage-i-kartong-4.png\",\n\t            \"articleSection\": [\n\t                \"E-handel\",\n\t                \"Emballage och f\u00f6rpackningar\",\n\t                \"Milj\u00f6 och h\u00e5llbarhet\"\n\t            ],\n\t            \"inLanguage\": \"sv-SE\",\n\t            \"potentialAction\": [\n\t                {\n\t                    \"@type\": \"CommentAction\",\n\t                    \"name\": \"Comment\",\n\t                    \"target\": [\n\t                        \"https:\/\/www.rajapack.se\/blog-se\/varfor-kartong-ar-framtidens-emballage#respond\"\n\t                    ]\n\t                }\n\t            ]\n\t        },\n\t        {\n\t            \"@type\": \"WebPage\",\n\t            \"@id\": \"https:\/\/www.rajapack.se\/blog-se\/varfor-kartong-ar-framtidens-emballage\",\n\t            \"url\": \"https:\/\/www.rajapack.se\/blog-se\/varfor-kartong-ar-framtidens-emballage\",\n\t            \"name\": \"Varf\u00f6r kartong \u00e4r framtidens emballage - Rajapack-bloggen\",\n\t            \"isPartOf\": {\n\t                \"@id\": \"https:\/\/www.rajapack.se\/blog-se\/#website\"\n\t            },\n\t            \"primaryImageOfPage\": {\n\t                \"@id\": \"https:\/\/www.rajapack.se\/blog-se\/varfor-kartong-ar-framtidens-emballage#primaryimage\"\n\t            },\n\t            \"image\": {\n\t                \"@id\": \"https:\/\/www.rajapack.se\/blog-se\/varfor-kartong-ar-framtidens-emballage#primaryimage\"\n\t            },\n\t            \"thumbnailUrl\": \"https:\/\/www.rajapack.se\/blog-se\/wp-content\/uploads\/2026\/03\/Fordelarna-med-emballage-i-kartong-4.png\",\n\t            \"datePublished\": \"2026-03-09T09:12:26+00:00\",\n\t            \"dateModified\": \"2026-03-19T11:42:44+00:00\",\n\t            \"description\": \"Efterfr\u00e5gan p\u00e5 kartong som f\u00f6rpackningsmaterial \u00f6kar snabbt i Europa och Sverige. H\u00e4r skriver vi om f\u00f6rdelar med kartong och papper.\",\n\t            \"inLanguage\": \"sv-SE\",\n\t            \"potentialAction\": [\n\t                {\n\t                    \"@type\": \"ReadAction\",\n\t                    \"target\": [\n\t                        \"https:\/\/www.rajapack.se\/blog-se\/varfor-kartong-ar-framtidens-emballage\"\n\t                    ]\n\t                }\n\t            ]\n\t        },\n\t        {\n\t            \"@type\": \"ImageObject\",\n\t            \"inLanguage\": \"sv-SE\",\n\t            \"@id\": \"https:\/\/www.rajapack.se\/blog-se\/varfor-kartong-ar-framtidens-emballage#primaryimage\",\n\t            \"url\": \"https:\/\/www.rajapack.se\/blog-se\/wp-content\/uploads\/2026\/03\/Fordelarna-med-emballage-i-kartong-4.png\",\n\t            \"contentUrl\": \"https:\/\/www.rajapack.se\/blog-se\/wp-content\/uploads\/2026\/03\/Fordelarna-med-emballage-i-kartong-4.png\",\n\t            \"width\": 2000,\n\t            \"height\": 1600\n\t        },\n\t        {\n\t            \"@type\": \"WebSite\",\n\t            \"@id\": \"https:\/\/www.rajapack.se\/blog-se\/#website\",\n\t            \"url\": \"https:\/\/www.rajapack.se\/blog-se\/\",\n\t            \"name\": \"Rajapack-bloggen\",\n\t            \"description\": \"GUIDER OCH TIPS OM EMBALLAGE,E-HANDEL OCH MILJ\u00d6\",\n\t            \"publisher\": {\n\t                \"@id\": \"https:\/\/www.rajapack.se\/blog-se\/#organization\"\n\t            },\n\t            \"potentialAction\": [\n\t                {\n\t                    \"@type\": \"SearchAction\",\n\t                    \"target\": {\n\t                        \"@type\": \"EntryPoint\",\n\t                        \"urlTemplate\": \"https:\/\/www.rajapack.se\/blog-se\/?s={search_term_string}\"\n\t                    },\n\t                    \"query-input\": \"required name=search_term_string\"\n\t                }\n\t            ],\n\t            \"inLanguage\": \"sv-SE\"\n\t        },\n\t        {\n\t            \"@type\": \"Organization\",\n\t            \"@id\": \"https:\/\/www.rajapack.se\/blog-se\/#organization\",\n\t            \"name\": \"Rajapack-bloggen\",\n\t            \"url\": \"https:\/\/www.rajapack.se\/blog-se\/\",\n\t            \"logo\": {\n\t                \"@type\": \"ImageObject\",\n\t                \"inLanguage\": \"sv-SE\",\n\t                \"@id\": \"https:\/\/www.rajapack.se\/blog-se\/#\/schema\/logo\/image\/\",\n\t                \"url\": \"https:\/\/www.rajapack.se\/blog-se\/wp-content\/uploads\/2021\/02\/SE-blog-logo.png\",\n\t                \"contentUrl\": \"https:\/\/www.rajapack.se\/blog-se\/wp-content\/uploads\/2021\/02\/SE-blog-logo.png\",\n\t                \"width\": 572,\n\t                \"height\": 119,\n\t                \"caption\": \"Rajapack-bloggen\"\n\t            },\n\t            \"image\": {\n\t                \"@id\": \"https:\/\/www.rajapack.se\/blog-se\/#\/schema\/logo\/image\/\"\n\t            },\n\t            \"sameAs\": [\n\t                \"https:\/\/www.facebook.com\/rajasverige\",\n\t                \"https:\/\/www.instagram.com\/rajasverige\/\",\n\t                \"https:\/\/www.linkedin.com\/company\/rajapackse\",\n\t                \"https:\/\/www.youtube.com\/channel\/UC_sOZj9z04xqu4BjveO_bKw\"\n\t            ]\n\t        },\n\t        {\n\t            \"@type\": \"Person\",\n\t            \"@id\": \"https:\/\/www.rajapack.se\/blog-se\/#\/schema\/person\/83459d6bbf5b34849412e7bef7fdc989\",\n\t            \"name\": \"Anna Miram\",\n\t            \"image\": {\n\t                \"@type\": \"ImageObject\",\n\t                \"inLanguage\": \"sv-SE\",\n\t                \"@id\": \"https:\/\/www.rajapack.se\/blog-se\/#\/schema\/person\/image\/\",\n\t                \"url\": \"https:\/\/secure.gravatar.com\/avatar\/31663ef4ef463d08d5b45ca31d4c521a?s=96&d=mm&r=g\",\n\t                \"contentUrl\": \"https:\/\/secure.gravatar.com\/avatar\/31663ef4ef463d08d5b45ca31d4c521a?s=96&d=mm&r=g\",\n\t                \"caption\": \"Anna Miram\"\n\t            },\n\t            \"url\": \"https:\/\/www.rajapack.se\/blog-se\/author\/anna-miramrajapack-se\"\n\t        }\n\t    ]\n\t}<\/script>\n","yoast_head_json":{"title":"Varf\u00f6r kartong \u00e4r framtidens emballage - Rajapack-bloggen","description":"Efterfr\u00e5gan p\u00e5 kartong som f\u00f6rpackningsmaterial \u00f6kar snabbt i Europa och Sverige. H\u00e4r skriver vi om f\u00f6rdelar med kartong och papper.","robots":{"index":"index","follow":"follow","max-snippet":"max-snippet:-1","max-image-preview":"max-image-preview:large","max-video-preview":"max-video-preview:-1"},"canonical":"https:\/\/www.rajapack.se\/blog-se\/varfor-kartong-ar-framtidens-emballage","og_locale":"sv_SE","og_type":"article","og_title":"Varf\u00f6r kartong \u00e4r framtidens emballage - Rajapack-bloggen","og_description":"Efterfr\u00e5gan p\u00e5 kartong som f\u00f6rpackningsmaterial \u00f6kar snabbt i Europa och Sverige. H\u00e4r skriver vi om f\u00f6rdelar med kartong och papper.","og_url":"https:\/\/www.rajapack.se\/blog-se\/varfor-kartong-ar-framtidens-emballage","og_site_name":"Rajapack-bloggen","article_publisher":"https:\/\/www.facebook.com\/rajasverige","article_published_time":"2026-03-09T09:12:26+00:00","article_modified_time":"2026-03-19T11:42:44+00:00","og_image":[{"width":2000,"height":1600,"url":"https:\/\/www.rajapack.se\/blog-se\/wp-content\/uploads\/2026\/03\/Fordelarna-med-emballage-i-kartong-4.png","type":"image\/png"}],"author":"Anna Miram","twitter_card":"summary_large_image","twitter_misc":{"Skriven av":"Anna Miram","Ber\u00e4knad l\u00e4stid":"7 minuter"},"schema":{"@context":"https:\/\/schema.org","@graph":[{"@type":"Article","@id":"https:\/\/www.rajapack.se\/blog-se\/varfor-kartong-ar-framtidens-emballage#article","isPartOf":{"@id":"https:\/\/www.rajapack.se\/blog-se\/varfor-kartong-ar-framtidens-emballage"},"author":{"name":"Anna Miram","@id":"https:\/\/www.rajapack.se\/blog-se\/#\/schema\/person\/83459d6bbf5b34849412e7bef7fdc989"},"headline":"Varf\u00f6r kartong \u00e4r framtidens emballage","datePublished":"2026-03-09T09:12:26+00:00","dateModified":"2026-03-19T11:42:44+00:00","mainEntityOfPage":{"@id":"https:\/\/www.rajapack.se\/blog-se\/varfor-kartong-ar-framtidens-emballage"},"wordCount":1090,"commentCount":0,"publisher":{"@id":"https:\/\/www.rajapack.se\/blog-se\/#organization"},"image":{"@id":"https:\/\/www.rajapack.se\/blog-se\/varfor-kartong-ar-framtidens-emballage#primaryimage"},"thumbnailUrl":"https:\/\/www.rajapack.se\/blog-se\/wp-content\/uploads\/2026\/03\/Fordelarna-med-emballage-i-kartong-4.png","articleSection":["E-handel","Emballage och f\u00f6rpackningar","Milj\u00f6 och h\u00e5llbarhet"],"inLanguage":"sv-SE","potentialAction":[{"@type":"CommentAction","name":"Comment","target":["https:\/\/www.rajapack.se\/blog-se\/varfor-kartong-ar-framtidens-emballage#respond"]}]},{"@type":"WebPage","@id":"https:\/\/www.rajapack.se\/blog-se\/varfor-kartong-ar-framtidens-emballage","url":"https:\/\/www.rajapack.se\/blog-se\/varfor-kartong-ar-framtidens-emballage","name":"Varf\u00f6r kartong \u00e4r framtidens emballage - Rajapack-bloggen","isPartOf":{"@id":"https:\/\/www.rajapack.se\/blog-se\/#website"},"primaryImageOfPage":{"@id":"https:\/\/www.rajapack.se\/blog-se\/varfor-kartong-ar-framtidens-emballage#primaryimage"},"image":{"@id":"https:\/\/www.rajapack.se\/blog-se\/varfor-kartong-ar-framtidens-emballage#primaryimage"},"thumbnailUrl":"https:\/\/www.rajapack.se\/blog-se\/wp-content\/uploads\/2026\/03\/Fordelarna-med-emballage-i-kartong-4.png","datePublished":"2026-03-09T09:12:26+00:00","dateModified":"2026-03-19T11:42:44+00:00","description":"Efterfr\u00e5gan p\u00e5 kartong som f\u00f6rpackningsmaterial \u00f6kar snabbt i Europa och Sverige. H\u00e4r skriver vi om f\u00f6rdelar med kartong och papper.","inLanguage":"sv-SE","potentialAction":[{"@type":"ReadAction","target":["https:\/\/www.rajapack.se\/blog-se\/varfor-kartong-ar-framtidens-emballage"]}]},{"@type":"ImageObject","inLanguage":"sv-SE","@id":"https:\/\/www.rajapack.se\/blog-se\/varfor-kartong-ar-framtidens-emballage#primaryimage","url":"https:\/\/www.rajapack.se\/blog-se\/wp-content\/uploads\/2026\/03\/Fordelarna-med-emballage-i-kartong-4.png","contentUrl":"https:\/\/www.rajapack.se\/blog-se\/wp-content\/uploads\/2026\/03\/Fordelarna-med-emballage-i-kartong-4.png","width":2000,"height":1600},{"@type":"WebSite","@id":"https:\/\/www.rajapack.se\/blog-se\/#website","url":"https:\/\/www.rajapack.se\/blog-se\/","name":"Rajapack-bloggen","description":"GUIDER OCH TIPS OM EMBALLAGE,E-HANDEL OCH MILJ\u00d6","publisher":{"@id":"https:\/\/www.rajapack.se\/blog-se\/#organization"},"potentialAction":[{"@type":"SearchAction","target":{"@type":"EntryPoint","urlTemplate":"https:\/\/www.rajapack.se\/blog-se\/?s={search_term_string}"},"query-input":"required name=search_term_string"}],"inLanguage":"sv-SE"},{"@type":"Organization","@id":"https:\/\/www.rajapack.se\/blog-se\/#organization","name":"Rajapack-bloggen","url":"https:\/\/www.rajapack.se\/blog-se\/","logo":{"@type":"ImageObject","inLanguage":"sv-SE","@id":"https:\/\/www.rajapack.se\/blog-se\/#\/schema\/logo\/image\/","url":"https:\/\/www.rajapack.se\/blog-se\/wp-content\/uploads\/2021\/02\/SE-blog-logo.png","contentUrl":"https:\/\/www.rajapack.se\/blog-se\/wp-content\/uploads\/2021\/02\/SE-blog-logo.png","width":572,"height":119,"caption":"Rajapack-bloggen"},"image":{"@id":"https:\/\/www.rajapack.se\/blog-se\/#\/schema\/logo\/image\/"},"sameAs":["https:\/\/www.facebook.com\/rajasverige","https:\/\/www.instagram.com\/rajasverige\/","https:\/\/www.linkedin.com\/company\/rajapackse","https:\/\/www.youtube.com\/channel\/UC_sOZj9z04xqu4BjveO_bKw"]},{"@type":"Person","@id":"https:\/\/www.rajapack.se\/blog-se\/#\/schema\/person\/83459d6bbf5b34849412e7bef7fdc989","name":"Anna Miram","image":{"@type":"ImageObject","inLanguage":"sv-SE","@id":"https:\/\/www.rajapack.se\/blog-se\/#\/schema\/person\/image\/","url":"https:\/\/secure.gravatar.com\/avatar\/31663ef4ef463d08d5b45ca31d4c521a?s=96&d=mm&r=g","contentUrl":"https:\/\/secure.gravatar.com\/avatar\/31663ef4ef463d08d5b45ca31d4c521a?s=96&d=mm&r=g","caption":"Anna Miram"},"url":"https:\/\/www.rajapack.se\/blog-se\/author\/anna-miramrajapack-se"}]}},"_links":{"self":[{"href":"https:\/\/www.rajapack.se\/blog-se\/wp-json\/wp\/v2\/posts\/3048"}],"collection":[{"href":"https:\/\/www.rajapack.se\/blog-se\/wp-json\/wp\/v2\/posts"}],"about":[{"href":"https:\/\/www.rajapack.se\/blog-se\/wp-json\/wp\/v2\/types\/post"}],"author":[{"embeddable":true,"href":"https:\/\/www.rajapack.se\/blog-se\/wp-json\/wp\/v2\/users\/73"}],"replies":[{"embeddable":true,"href":"https:\/\/www.rajapack.se\/blog-se\/wp-json\/wp\/v2\/comments?post=3048"}],"version-history":[{"count":29,"href":"https:\/\/www.rajapack.se\/blog-se\/wp-json\/wp\/v2\/posts\/3048\/revisions"}],"predecessor-version":[{"id":3114,"href":"https:\/\/www.rajapack.se\/blog-se\/wp-json\/wp\/v2\/posts\/3048\/revisions\/3114"}],"wp:featuredmedia":[{"embeddable":true,"href":"https:\/\/www.rajapack.se\/blog-se\/wp-json\/wp\/v2\/media\/3082"}],"wp:attachment":[{"href":"https:\/\/www.rajapack.se\/blog-se\/wp-json\/wp\/v2\/media?parent=3048"}],"wp:term":[{"taxonomy":"category","embeddable":true,"href":"https:\/\/www.rajapack.se\/blog-se\/wp-json\/wp\/v2\/categories?post=3048"},{"taxonomy":"post_tag","embeddable":true,"href":"https:\/\/www.rajapack.se\/blog-se\/wp-json\/wp\/v2\/tags?post=3048"}],"curies":[{"name":"wp","href":"https:\/\/api.w.org\/{rel}","templated":true}]}}